{"id":685,"date":"2025-04-14T07:55:26","date_gmt":"2025-04-14T06:55:26","guid":{"rendered":"https:\/\/wp3.novida.fi\/brainleak\/?p=685"},"modified":"2025-04-16T11:10:58","modified_gmt":"2025-04-16T10:10:58","slug":"685","status":"publish","type":"post","link":"https:\/\/wp3.novida.fi\/brainleak\/2025\/04\/14\/685\/","title":{"rendered":"Kun \u201ctuntematon pakottava luonnonvoima\u201d ottaa vallan ihmiskehosta"},"content":{"rendered":"\n<div class=\"wp-block-cover alignfull\" style=\"border-radius:0px;margin-top:0;margin-bottom:0;padding-top:0;padding-right:0;padding-bottom:0;padding-left:0;min-height:652px;aspect-ratio:unset;\"><img loading=\"lazy\" decoding=\"async\" width=\"1200\" height=\"796\" class=\"wp-block-cover__image-background wp-image-687\" alt src=\"https:\/\/wp3.novida.fi\/brainleak\/wp-content\/uploads\/sites\/22\/2025\/04\/1_05.jpg\" style=\"object-position:51% 76%\" data-object-fit=\"cover\" data-object-position=\"51% 76%\" srcset=\"https:\/\/wp3.novida.fi\/brainleak\/wp-content\/uploads\/sites\/22\/2025\/04\/1_05.jpg 1200w, https:\/\/wp3.novida.fi\/brainleak\/wp-content\/uploads\/sites\/22\/2025\/04\/1_05-300x199.jpg 300w, https:\/\/wp3.novida.fi\/brainleak\/wp-content\/uploads\/sites\/22\/2025\/04\/1_05-1024x679.jpg 1024w, https:\/\/wp3.novida.fi\/brainleak\/wp-content\/uploads\/sites\/22\/2025\/04\/1_05-768x509.jpg 768w\" sizes=\"auto, (max-width: 1200px) 100vw, 1200px\"><span aria-hidden=\"true\" class=\"wp-block-cover__background has-background-dim-60 has-background-dim\"><\/span><div class=\"wp-block-cover__inner-container is-layout-constrained wp-container-core-cover-is-layout-72190d31 wp-block-cover-is-layout-constrained\">\n<h1 class=\"wp-block-heading has-text-align-center has-white-color has-text-color has-link-color wp-elements-44ed9d348e0a498652576345d8fa12ee\" style=\"font-size:clamp(36.08px, 2.255rem + ((1vw - 3.2px) * 3.4), 66px);\"><strong>Kun \u201ctuntematon pakottava luonnonvoima\u201d ottaa vallan ihmiskehosta<\/strong><\/h1>\n<\/div><\/div>\n\n\n\n<div style=\"height:50px\" aria-hidden=\"true\" class=\"wp-block-spacer\"><\/div>\n\n\n\n<h1 class=\"wp-block-heading has-text-align-center has-vivid-red-color has-text-color has-link-color wp-elements-e3663742ec42cedd525a53080cd6c210\" style=\"font-size:clamp(40.809px, 2.551rem + ((1vw - 3.2px) * 4.113), 77px);\">VAROITUS<\/h1>\n\n\n\n<p class=\"has-text-align-center has-vivid-red-color has-text-color has-link-color wp-elements-98d09fbfd9ffe49b54ec41bcdea350aa\" style=\"font-size:clamp(15.747px, 0.984rem + ((1vw - 3.2px) * 0.938), 24px);\"><strong>T\u00e4m\u00e4 postaus k\u00e4sit\u00adtelee Neu\u00advos\u00adtoli\u00aditossa Dyat\u00adlovin solas\u00adsa tapah\u00adtunut\u00adta onnet\u00adto\u00admuut\u00adta ja sis\u00e4lt\u00e4\u00e4 kuvia, jot\u00adka voivat j\u00e4rkyt\u00adt\u00e4\u00e4 osaa luk\u00adi\u00adjoista. Jos koet aiheen h\u00e4ir\u00adit\u00adsev\u00e4k\u00adsi, voit ohit\u00adtaa postauk\u00adsen.<\/strong><\/p>\n\n\n\n<div style=\"height:153px\" aria-hidden=\"true\" class=\"wp-block-spacer\"><\/div>\n\n\n\n<div class=\"wp-block-cover alignfull is-light has-parallax\" style=\"min-height:426px;aspect-ratio:unset;\"><div class=\"wp-block-cover__image-background wp-image-690 has-parallax\" style=\"background-position:50% 50%;background-image:url(https:\/\/wp3.novida.fi\/brainleak\/wp-content\/uploads\/sites\/22\/2025\/04\/kartta.webp)\"><\/div><span aria-hidden=\"true\" class=\"wp-block-cover__background has-background-dim-0 has-background-dim\" style=\"background-color:#b9cfc1\"><\/span><div class=\"wp-block-cover__inner-container is-layout-constrained wp-block-cover-is-layout-constrained\">\n<p class=\"has-text-align-center has-large-font-size\"><\/p>\n<\/div><\/div>\n\n\n\n<h3 class=\"wp-block-heading\">Ikuiselta tuntuva mysteeri. Mik\u00e4 sai kokeneet vaeltajat leikkaamaan telttansa ja juoksemaan henkens\u00e4 edest\u00e4 ilman s\u00e4\u00e4nmukaista varustusta hyiseen \u201130 asteen pakkaseen. T\u00e4m\u00e4 Ural vuorilla tapahtunut kohtalokas vaellus sai alkunsa 27.1.1959.<\/h3>\n\n\n\n<p>Yhdek\u00ads\u00e4n toisen asteen retkeily\u00adlu\u00adok\u00adi\u00adtuk\u00adsen omaavaa neu\u00advos\u00adtoli\u00adit\u00adto\u00adlaista nuor\u00adta aikuista havit\u00adte\u00adliv\u00adat kol\u00adman\u00adnen asteen retkeily\u00adlu\u00adok\u00adi\u00adtus\u00adta, jon\u00adka he oli\u00adsi\u00advat saa\u00adneet itsel\u00adlen\u00ads\u00e4 onnis\u00adtuneen matkan my\u00f6t\u00e4. Vael\u00adlus\u00adre\u00aditin ollessa hei\u00add\u00e4n taito\u00adta\u00adsoaan vaa\u00adti\u00advampi, l\u00e4hti mukaan my\u00f6s 38-vuo\u00adtias Semy\u00adon Zolotary\u00adov, sil\u00adl\u00e4 h\u00e4nel\u00adl\u00e4 oli aiem\u00adpaa koke\u00admus\u00adta t\u00e4m\u00e4n tasoi\u00adsista vael\u00adluk\u00adsista. Ryh\u00adm\u00e4n johta\u00adjak\u00adsi valikoi\u00adtui 23-vuo\u00adtias Igor Dyat\u00adlov, jon\u00adka mukaan onnet\u00adto\u00admuu\u00ads\u00adpaik\u00adka my\u00f6hem\u00admin nimet\u00adti\u00adin.<\/p>\n\n\n\n<p>Hiih\u00adto\u00advael\u00adlus\u00adret\u00adki Vi\u017eai\u00adhista Otorten vuorelle sai jo matkan toise\u00adna p\u00e4iv\u00e4n\u00e4 muu\u00adtok\u00adsen, kun yksi ryh\u00adm\u00e4n j\u00e4senist\u00e4 Yuri Yudin jou\u00adtui j\u00e4t\u00adt\u00e4m\u00e4\u00e4n matkan kesken huo\u00admat\u00adtavien polvi-ja nivelkipu\u00adjen my\u00f6t\u00e4. Reuman ja syn\u00adnyn\u00adn\u00e4isen syd\u00e4n\u00advian omis\u00adta\u00adma Yudin ei voin\u00adut aav\u00adis\u00adtaakaan, ett\u00e4 kyseiset sairaudet pelas\u00adti\u00advat h\u00e4net silt\u00e4, mit\u00e4 ikin\u00e4 onnet\u00adto\u00admuus y\u00f6n\u00e4 tapah\u00adtuikaan. Yudinin j\u00e4\u00e4dess\u00e4 matkas\u00adta jatkui muun ryh\u00adm\u00e4n vael\u00adlus hal\u00adki nyky\u00e4\u00e4n tun\u00adnet\u00adtua Dyat\u00adlovin solaa. Vaikeat s\u00e4\u00e4olo\u00adsuh\u00adteet yll\u00e4t\u00adtiv\u00e4t retkeil\u00adi\u00adj\u00e4t ja tekiv\u00e4t ryh\u00adm\u00e4n eten\u00ade\u00admis\u00ades\u00adt\u00e4 hyvin haas\u00adtavaa. Lumimyrskyn seassa he poikke\u00adsi\u00advat reitilt\u00e4\u00e4n p\u00e4\u00e4\u00adtyen Kho\u00adlat Syakhl-vuoren rin\u00adteelle. Ryh\u00adm\u00e4 p\u00e4\u00e4t\u00adti pystyt\u00adt\u00e4\u00e4 teltan rin\u00adteeseen ja odot\u00adtaa s\u00e4\u00e4n laan\u00adtu\u00admista seu\u00adraavaan auringonnousu\u00adun. Lop\u00adul\u00adta kukaan ryh\u00adm\u00e4n j\u00e4senist\u00e4 ei t\u00e4t\u00e4 auringonnousua p\u00e4\u00e4ssyt todis\u00adta\u00admaan.<\/p>\n\n\n\n<p>L\u00e4heiset odot\u00adti\u00advat Dyat\u00adlovin lupaa\u00admaa s\u00e4hket\u00adt\u00e4 12. helmiku\u00adu\u00adta. Kyseinen p\u00e4iv\u00e4 oli retken arvoitu p\u00e4\u00e4t\u00adtymis\u00adp\u00e4iv\u00e4. S\u00e4h\u00adkeest\u00e4 ei kuu\u00adlunut mut\u00adta muu\u00adta\u00adman p\u00e4iv\u00e4n viive on tosin nor\u00admaalia vael\u00adluk\u00adsil\u00adla. P\u00e4ivien kulues\u00adsa ja s\u00e4h\u00adkeen puuttues\u00adsa l\u00e4heiset huoles\u00adtu\u00adi\u00adv\u00adat ja etsin\u00adn\u00e4t aloitet\u00adti\u00adin 20.2. Tutk\u00adi\u00adjoiden l\u00f6y\u00addet\u00adty\u00e4 teltan 26.2 he huo\u00adma\u00adsi\u00advat heti tapauk\u00adseen liit\u00adtyv\u00e4n jotain todel\u00adla h\u00e4m\u00e4r\u00e4\u00e4. Teltan kan\u00adgas oli revit\u00adty auki mon\u00ades\u00adta kohdas\u00adta sis\u00e4lt\u00e4p\u00e4in puukol\u00adla. Samana p\u00e4iv\u00e4n\u00e4 noin 1,5 kilo\u00admetrin p\u00e4\u00e4ss\u00e4 teltas\u00adta l\u00e4heisel\u00adl\u00e4 met\u00ads\u00e4alueel\u00adla havait\u00adti\u00adin puun juurelle tehty nuo\u00adtio. Puun alimpia oksia oli katken\u00adnut. Ep\u00e4ilti\u00adin, ett\u00e4 niit\u00e4 olisi joko k\u00e4ytet\u00adty nuo\u00adtios\u00adsa tai joku olisi yrit\u00adt\u00e4nyt kiivet\u00e4 puuhun pae\u00adtak\u00adseen jotain. Pian nuo\u00adtion l\u00f6y\u00add\u00f6n j\u00e4l\u00adkeen havait\u00adti\u00adin ensim\u00adm\u00e4i\u00adnen ruumis.<\/p>\n\n\n\n<div style=\"height:25px\" aria-hidden=\"true\" class=\"wp-block-spacer\"><\/div>\n\n\n\n<h1 class=\"wp-block-heading has-text-align-center\">Illan<strong> tapahtumien ruumiilliset seuraukset<\/strong><\/h1>\n\n\n\n<div style=\"height:0px\" aria-hidden=\"true\" class=\"wp-block-spacer\"><\/div>\n\n\n\n<div class=\"alignfull\"><div id=\"metaslider-id-691\" style=\"width: 100%; margin: 0 auto;\" class=\"ml-slider-3-103-0 metaslider metaslider-flex metaslider-691 ml-slider has-carousel-mode ms-theme-clarity nav-hidden\" role=\"region\" aria-label=\"New Slideshow\" data-height=\"500\" data-width=\"400\">\n    <div id=\"metaslider_container_691\">\n        <div id=\"metaslider_691\">\n            <ul class=\"slides\">\n                <li style=\"display: none; width: 100%;\" class=\"slide-714 ms-image \" aria-roledescription=\"slide\" data-date=\"2025-04-14 08:41:08\" data-slide-type=\"image\"><img loading=\"lazy\" decoding=\"async\" src=\"https:\/\/wp3.novida.fi\/brainleak\/wp-content\/uploads\/sites\/22\/2025\/04\/Igor-Dyatlov-homepage-276x345.jpg\" height=\"500\" width=\"400\" alt class=\"slider-691 slide-714 msDefaultImage\" title=\"Igor-Dyatlov-homepage\"><div class=\"caption-wrap\"><div class=\"caption\">Ryh\u00adm\u00e4n johta\u00adja Igor Dyat\u00adlov<\/div><\/div><\/li>\n                <li style=\"display: none; width: 100%;\" class=\"slide-723 ms-image \" aria-roledescription=\"slide\" data-date=\"2025-04-14 08:48:56\" data-slide-type=\"image\"><img loading=\"lazy\" decoding=\"async\" src=\"https:\/\/wp3.novida.fi\/brainleak\/wp-content\/uploads\/sites\/22\/2025\/04\/Yuri-Yudin-homepage-276x345.jpg\" height=\"500\" width=\"400\" alt class=\"slider-691 slide-723 msDefaultImage\" title=\"Yuri-Yudin-homepage\"><div class=\"caption-wrap\"><div class=\"caption\">Matkan keskeyt\u00adt\u00e4nyt Yuri Yudin<\/div><\/div><\/li>\n                <li style=\"display: none; width: 100%;\" class=\"slide-715 ms-image \" aria-roledescription=\"slide\" data-date=\"2025-04-14 08:46:35\" data-slide-type=\"image\"><img loading=\"lazy\" decoding=\"async\" src=\"https:\/\/wp3.novida.fi\/brainleak\/wp-content\/uploads\/sites\/22\/2025\/04\/Yuri-Doroshenko-homepage-276x345.jpg\" height=\"500\" width=\"400\" alt class=\"slider-691 slide-715 msDefaultImage\" title=\"Yuri-Doroshenko-homepage\"><div class=\"caption-wrap\"><div class=\"caption\">Ensim\u00adm\u00e4i\u00adnen l\u00f6y\u00addet\u00adty vaelta\u00adja Yuri Doroshenko<\/div><\/div><\/li>\n                <li style=\"display: none; width: 100%;\" class=\"slide-716 ms-image \" aria-roledescription=\"slide\" data-date=\"2025-04-14 08:46:44\" data-slide-type=\"image\"><img loading=\"lazy\" decoding=\"async\" src=\"https:\/\/wp3.novida.fi\/brainleak\/wp-content\/uploads\/sites\/22\/2025\/04\/Yuri-Krivonischenko-homepage-276x345.jpg\" height=\"500\" width=\"400\" alt class=\"slider-691 slide-716 msDefaultImage\" title=\"Yuri-Krivonischenko-homepage\"><div class=\"caption-wrap\"><div class=\"caption\">Doroshenkon vier\u00adest\u00e4 l\u00f6y\u00adtynyt Georgiy Krivonis\u00adchenko<\/div><\/div><\/li>\n                <li style=\"display: none; width: 100%;\" class=\"slide-717 ms-image \" aria-roledescription=\"slide\" data-date=\"2025-04-14 08:46:55\" data-slide-type=\"image\"><img loading=\"lazy\" decoding=\"async\" src=\"https:\/\/wp3.novida.fi\/brainleak\/wp-content\/uploads\/sites\/22\/2025\/04\/Zinaida-Kolmogorova-homepage-276x345.jpg\" height=\"500\" width=\"400\" alt class=\"slider-691 slide-717 msDefaultImage\" title=\"Zinaida-Kolmogorova-homepage\"><div class=\"caption-wrap\"><div class=\"caption\">Zinai\u00adda Kol\u00admogoro\u00adva<\/div><\/div><\/li>\n                <li style=\"display: none; width: 100%;\" class=\"slide-718 ms-image \" aria-roledescription=\"slide\" data-date=\"2025-04-14 08:47:48\" data-slide-type=\"image\"><img loading=\"lazy\" decoding=\"async\" src=\"https:\/\/wp3.novida.fi\/brainleak\/wp-content\/uploads\/sites\/22\/2025\/04\/Rustem-Slobodin-homepage-276x345.jpg\" height=\"500\" width=\"400\" alt class=\"slider-691 slide-718 msDefaultImage\" title=\"Rustem-Slobodin-homepage\"><div class=\"caption-wrap\"><div class=\"caption\">Rustem Slo\u00adbod\u00adin<\/div><\/div><\/li>\n                <li style=\"display: none; width: 100%;\" class=\"slide-719 ms-image \" aria-roledescription=\"slide\" data-date=\"2025-04-14 08:47:57\" data-slide-type=\"image\"><img loading=\"lazy\" decoding=\"async\" src=\"https:\/\/wp3.novida.fi\/brainleak\/wp-content\/uploads\/sites\/22\/2025\/04\/Lyudmila-Dubinina-homepage-276x345.jpg\" height=\"500\" width=\"400\" alt class=\"slider-691 slide-719 msDefaultImage\" title=\"Lyudmila-Dubinina-homepage\"><div class=\"caption-wrap\"><div class=\"caption\">Lyud\u00admi\u00adla Dubin\u00adi\u00adna<\/div><\/div><\/li>\n                <li style=\"display: none; width: 100%;\" class=\"slide-720 ms-image \" aria-roledescription=\"slide\" data-date=\"2025-04-14 08:48:21\" data-slide-type=\"image\"><img loading=\"lazy\" decoding=\"async\" src=\"https:\/\/wp3.novida.fi\/brainleak\/wp-content\/uploads\/sites\/22\/2025\/04\/Semyon-Zolotaryov-homepage-276x345.jpg\" height=\"500\" width=\"400\" alt class=\"slider-691 slide-720 msDefaultImage\" title=\"Semyon-Zolotaryov-homepage\"><div class=\"caption-wrap\"><div class=\"caption\">Semy\u00adon Zolotary\u00adov<\/div><\/div><\/li>\n                <li style=\"display: none; width: 100%;\" class=\"slide-721 ms-image \" aria-roledescription=\"slide\" data-date=\"2025-04-14 08:48:31\" data-slide-type=\"image\"><img loading=\"lazy\" decoding=\"async\" src=\"https:\/\/wp3.novida.fi\/brainleak\/wp-content\/uploads\/sites\/22\/2025\/04\/Aleksander-Kolevatov-homepage-276x345.jpg\" height=\"500\" width=\"400\" alt class=\"slider-691 slide-721 msDefaultImage\" title=\"Aleksander-Kolevatov-homepage\"><div class=\"caption-wrap\"><div class=\"caption\">Alek\u00adsander Kol\u00ade\u00adva\u00adtov<\/div><\/div><\/li>\n                <li style=\"display: none; width: 100%;\" class=\"slide-722 ms-image \" aria-roledescription=\"slide\" data-date=\"2025-04-14 08:48:44\" data-slide-type=\"image\"><img loading=\"lazy\" decoding=\"async\" src=\"https:\/\/wp3.novida.fi\/brainleak\/wp-content\/uploads\/sites\/22\/2025\/04\/Nikolay-Thibeaux-Brignolle-homepage-276x345.jpg\" height=\"500\" width=\"400\" alt class=\"slider-691 slide-722 msDefaultImage\" title=\"Nikolay-Thibeaux-Brignolle-homepage\"><div class=\"caption-wrap\"><div class=\"caption\">Niko\u00adlay Thibeaux-Brig\u00adnolle<\/div><\/div><\/li>\n            <\/ul>\n        <\/div>\n        \n    <\/div>\n<\/div><\/div>\n\n\n\n<p><\/p>\n\n\n\n<div class=\"wp-block-columns alignfull is-layout-flex wp-container-core-columns-is-layout-98c9947f wp-block-columns-is-layout-flex\" style=\"padding-right:var(--wp--preset--spacing--xx-large);padding-left:var(--wp--preset--spacing--xx-large)\">\n<div class=\"wp-block-column is-vertically-aligned-top is-layout-flow wp-block-column-is-layout-flow\">\n<figure class=\"wp-block-image alignleft size-full is-resized\"><img loading=\"lazy\" decoding=\"async\" width=\"350\" height=\"270\" src=\"https:\/\/wp3.novida.fi\/brainleak\/wp-content\/uploads\/sites\/22\/2025\/04\/Krivonischenko-Doroshenko-post-mortem-5.jpg\" alt class=\"wp-image-734\" style=\"width:568px;height:auto\" srcset=\"https:\/\/wp3.novida.fi\/brainleak\/wp-content\/uploads\/sites\/22\/2025\/04\/Krivonischenko-Doroshenko-post-mortem-5.jpg 350w, https:\/\/wp3.novida.fi\/brainleak\/wp-content\/uploads\/sites\/22\/2025\/04\/Krivonischenko-Doroshenko-post-mortem-5-300x231.jpg 300w\" sizes=\"auto, (max-width: 350px) 100vw, 350px\"><\/figure>\n<\/div>\n\n\n\n<div class=\"wp-block-column is-layout-flow wp-block-column-is-layout-flow\">\n<p>Yuri Doroshenko, oli l\u00f6y\u00adde\u00adty\u00adist\u00e4 vaelta\u00adjista ensim\u00adm\u00e4i\u00adnen. Doroshenko makasi kasvot painau\u00adtuneena lumeen yll\u00e4\u00e4n hiha\u00adton t\u2011paita, uimashort\u00adsit ja sukat. H\u00e4nel\u00adl\u00e4 oli suurehko palo\u00advam\u00adma p\u00e4\u00e4ss\u00e4\u00e4n ja jalas\u00adsaan. T\u00e4m\u00e4n lis\u00e4k\u00adsi h\u00e4nen veris\u00ades\u00adt\u00e4 suus\u00adtaan tuli har\u00admaa\u00adta nestet\u00adt\u00e4, keho oli kaut\u00adtaal\u00adtaan naar\u00admuil\u00adla ja mustelmil\u00adla, suun lis\u00e4k\u00adsi my\u00f6s Doroshenkon kor\u00advat sek\u00e4 nen\u00e4 oli\u00advat veren peitossa. On tutkit\u00adtu, ett\u00e4 teot oli\u00adsi\u00advat itse tehtyj\u00e4 j\u00e4\u00e4\u00adtyneek\u00adsi kuolemisen pelosta. Tyyp\u00adil\u00adlis\u00ades\u00adti har\u00admaas\u00adta nes\u00adteest\u00e4 t\u00e4yt\u00adtynyt suu johtuu rin\u00adtaon\u00adteloon kohdis\u00adtuneesta vah\u00advas\u00adta voimas\u00adta, joka voisi johtua puus\u00adta tip\u00adpumisel\u00adla tai jonkun ulkop\u00aduolisen painaes\u00adsa rin\u00adtaa suurel\u00adla voimal\u00adla. N\u00e4ist\u00e4 oudoista kehol\u00adli\u00adsista l\u00f6y\u00add\u00f6ist\u00e4 huoli\u00admat\u00adta Yuri Doroshenko luokitelti\u00adin kuolleen hypoter\u00admi\u00adaan.<\/p>\n\n\n\n<p>Saman puun alla Doroshenkon vier\u00adess\u00e4 makasi Georgiy Krivonis\u00adchenko. H\u00e4nel\u00adl\u00e4 oli yll\u00e4\u00e4n pitk\u00e4hi\u00adhainen pai\u00adta, pitk\u00e4t alushousut ja yksi repey\u00adtynyt suk\u00adka vasem\u00admas\u00adsa jalas\u00adsaan. My\u00f6s h\u00e4nen kehon\u00adsa oli pahasti mustelmil\u00adla ja haavoil\u00adla. Palo\u00advam\u00admo\u00adja havait\u00adti\u00adin jalkateris\u00ads\u00e4, jalois\u00adsa sek\u00e4 k\u00e4sis\u00ads\u00e4. Krivonis\u00adchenkon suus\u00adta l\u00f6y\u00adtyi pala\u00adnen h\u00e4nen oman k\u00e4den ryst\u00ady\u00adsist\u00e4\u00e4n.<\/p>\n<\/div>\n<\/div>\n\n\n\n<div class=\"wp-block-columns alignfull are-vertically-aligned-top is-layout-flex wp-container-core-columns-is-layout-08b33de5 wp-block-columns-is-layout-flex\" style=\"padding-right:var(--wp--preset--spacing--xx-large);padding-left:var(--wp--preset--spacing--xx-large)\">\n<div class=\"wp-block-column is-vertically-aligned-top is-layout-flow wp-block-column-is-layout-flow\">\n<p>My\u00f6hem\u00admin tutkimuk\u00adsis\u00adsa todet\u00adti\u00adin, ett\u00e4 molem\u00adpi\u00aden miesten ruumi\u00adita oli siir\u00adret\u00adty hei\u00add\u00e4n kuoltuaan. Toden\u00adn\u00e4k\u00f6isen\u00e4 pide\u00adt\u00e4\u00e4n muiden ryh\u00adm\u00e4n j\u00e4sen\u00adten l\u00f6yt\u00e4neen hei\u00add\u00e4t ja siirt\u00e4neet ruumi\u00adit l\u00e4hekk\u00e4in osoit\u00adtaen kun\u00adnioi\u00adtus\u00adta juuri mene\u00adhtyneit\u00e4 yst\u00e4vi\u00e4\u00e4n kohtaan. Lop\u00adut ryh\u00adm\u00e4n j\u00e4senet oli\u00adsi\u00advat riisuneet miesten vaat\u00adteet ja jaka\u00adneet ne kesken\u00e4\u00e4n selvit\u00e4k\u00adseen itse hengis\u00ads\u00e4 pakkases\u00adsa.<\/p>\n\n\n\n<p>300 metri\u00e4 puun luo\u00adta teltalle p\u00e4in, l\u00f6y\u00adtyi ryh\u00adm\u00e4n johta\u00adjan Igor Dyat\u00adlovin ruumis. Dyat\u00adlov makasi maas\u00adsa sel\u00e4l\u00adl\u00e4\u00e4n kasvoil\u00adlaan haavo\u00adja ja mustelmia. Yll\u00e4\u00e4n h\u00e4nel\u00adl\u00e4 oli jo huo\u00admat\u00adtavasti enem\u00adm\u00e4n vaat\u00adtei\u00adta kuin Doroshenkol\u00adla ja Krivonis\u00adchenkol\u00adla. H\u00e4nen nilkkansa oli\u00advat mustelmil\u00adla ja hier\u00adtymil\u00adl\u00e4. Yksi ala\u00adham\u00adpaista puut\u00adtui, mut\u00adta limakalvo\u00adjen ollessa ehj\u00e4t viit\u00adtaa ham\u00adpaan irronneen kauan ennen kuolin\u00adp\u00e4iv\u00e4\u00e4. Kuole\u00adman\u00adsyyn\u00adtutk\u00adi\u00adja rapor\u00adtoi vam\u00admo\u00adjen vas\u00adtaa\u00advan nyrkki\u00adtap\u00adpelus\u00adta aiheutu\u00advia j\u00e4lk\u00adi\u00e4. &nbsp;Dyat\u00adlovin kuolin\u00adsyyk\u00adsi todet\u00adti\u00adin hypoter\u00admia.<\/p>\n\n\n\n<p>630 metri\u00e4 puun luo\u00adta l\u00f6y\u00adtyi toinen ryh\u00adm\u00e4n nai\u00adsista, Zinai\u00adda Kol\u00admogoro\u00adva. H\u00e4n oli edel\u00adlisi\u00e4 miehi\u00e4 parem\u00admin pukeu\u00adtunut. K\u00e4det oli\u00advat t\u00e4yn\u00adn\u00e4 han\u00adkau\u00admia ja kasvot oli\u00advat mustelmil\u00adla. Kyl\u00adjess\u00e4 h\u00e4nel\u00adl\u00e4 oli suurehko ruh\u00adje, joka voisi syn\u00adty\u00e4 jonkin mailan iskun seu\u00adrauk\u00adse\u00adna. Rajun kamp\u00adpailun j\u00e4l\u00adkeen j\u00e4\u00e4\u00adtymist\u00e4 vas\u00adtaan kuolin\u00adsyyk\u00adsi todet\u00adti\u00adin hypoter\u00admia. Dyat\u00adlov ja Kol\u00admogoro\u00adva oli\u00advat toden\u00adn\u00e4k\u00f6isim\u00admin matkalla takaisin teltalle, kunnes kuole\u00adma otti heist\u00e4 val\u00adlan.<\/p>\n\n\n\n<p>Reilun viikon kulut\u00adtua muiden uhrien l\u00f6yt\u00e4mis\u00ades\u00adt\u00e4 havait\u00adti\u00adin viides ruumis. Rustem Slo\u00adbod\u00adin makasi 50cm lumen alla kasvot maa\u00adta kohti 480 metri\u00e4 puun luo\u00adta. Slo\u00adbod\u00adin oli hyvin pukeu\u00adtunut ja h\u00e4nel\u00adl\u00e4 oli my\u00f6s oike\u00adas\u00adsa jalas\u00adsaan huopasaa\u00adpas. H\u00e4nen kallos\u00adsaan oli suuri mur\u00adtu\u00adma ja ohi\u00admoissa sis\u00e4ist\u00e4 veren\u00advuo\u00adtoa. Syy vam\u00admoille j\u00e4i ep\u00e4\u00adselv\u00e4k\u00adsi. L\u00e4\u00e4k\u00e4rit kuitenkin p\u00e4\u00e4\u00adtyiv\u00e4t tulok\u00adseen, ett\u00e4 Slo\u00adbod\u00adin oli kamp\u00adpail\u00adlut viel\u00e4 tun\u00adnin p\u00e4\u00e4\u00advau\u00adri\u00adoiden saan\u00adnin j\u00e4l\u00adkeen. My\u00f6s Slo\u00adbo\u00add\u00adinin kuolin\u00adsyyk\u00adsi todet\u00adti\u00adin hypoter\u00admia.<\/p>\n\n\n\n<p>Kului kak\u00adsi kuukaut\u00adta kunnes tutkimuk\u00adset sai\u00advat jatkoa. Tutk\u00adi\u00adjat l\u00f6y\u00adsiv\u00e4t viimeis\u00adten uhrien rak\u00aden\u00adta\u00adman suo\u00adjan 70\u201375 metrin p\u00e4\u00e4st\u00e4 puul\u00adta, jon\u00adka juurelta Doroshenko ja Krivonis\u00adchenko oli aikaisem\u00admin l\u00f6y\u00addet\u00adty.<\/p>\n<\/div>\n<\/div>\n\n\n\n<div class=\"wp-block-columns alignfull is-layout-flex wp-container-core-columns-is-layout-3edfa231 wp-block-columns-is-layout-flex\" style=\"padding-right:var(--wp--preset--spacing--xx-large);padding-left:var(--wp--preset--spacing--xx-large)\">\n<div class=\"wp-block-column is-layout-flow wp-block-column-is-layout-flow\" style=\"flex-basis:66.66%\">\n<p>Viimeiset uhrit l\u00f6y\u00adtyiv\u00e4t vain muu\u00adta\u00adman metrin p\u00e4\u00e4st\u00e4 hei\u00add\u00e4n rak\u00aden\u00adta\u00admas\u00adtaan suo\u00adjas\u00adta. Lyud\u00admi\u00adla Dubin\u00adi\u00adna l\u00f6y\u00adtyi polvil\u00adtaan painau\u00adtuneena vet\u00adt\u00e4 vir\u00adtaa\u00advan kiv\u00aden juurelta. H\u00e4nen suun\u00adsa oli auki vail\u00adla huu\u00adlia. H\u00e4nen poskestaan puut\u00adtui ihon pala\u00adsia ja 10 kylk\u00adilu\u00adu\u00adta oli\u00advat mur\u00adtuneet. Dubin\u00adinal\u00adta puut\u00adtui silm\u00e4t ja kieli, joi\u00adta ei koskaan l\u00f6y\u00addet\u00adty. &nbsp;Syd\u00e4mess\u00e4 oli val\u00adta\u00adva veren\u00advuo\u00adto. Ruumi\u00adinavauk\u00adses\u00adsa vat\u00adsas\u00adta l\u00f6y\u00adtynyt veri viit\u00adtasi siihen, ett\u00e4 h\u00e4n oli elos\u00adsa ja hereil\u00adl\u00e4 kun t\u00e4m\u00e4 tapah\u00adtui. Dubin\u00adi\u00adnan kuolin syyk\u00adsi todet\u00adti\u00adin veren\u00advuo\u00adto syd\u00e4\u00admen oike\u00adas\u00adsa eteisess\u00e4.<\/p>\n\n\n\n<p>Semy\u00adon Zolotary\u00adov, ryh\u00adm\u00e4n kokenein vaelta\u00adja l\u00f6y\u00adtyi parhait\u00aden varus\u00adtau\u00adtuneena. H\u00e4nen ruumi\u00adin\u00adsa l\u00f6y\u00adtyi pien\u00adest\u00e4 purosta Alek\u00adsander Kol\u00ade\u00adva\u00adtovin vier\u00adest\u00e4. L\u00e4mpim\u00e4n vaate\u00adtuk\u00adsen lis\u00e4k\u00adsi h\u00e4nen kaulas\u00adsaan roikkui kam\u00adera. Aiem\u00admin matkan keskeyt\u00adt\u00e4nyt Yuri Yudin ker\u00adtoi my\u00f6hem\u00admin kuin\u00adka oli yll\u00e4t\u00adtynyt viidennest\u00e4 kam\u00aderas\u00adta. H\u00e4nen mukaansa kukaan ei tien\u00adnyt ett\u00e4 Zolotary\u00adovil\u00adla oli toinen kam\u00adera mukanaan. Kam\u00ader\u00adan fil\u00admi oli kuitenkin vau\u00adri\u00adoitunut puron vir\u00adrates\u00adsa ruumi\u00adiden alla. San\u00ado\u00adtaan yhden onnet\u00adto\u00admuu\u00ads\u00adpaikan tutk\u00adi\u00adjan l\u00f6yt\u00e4neen muis\u00adtile\u00adhti\u00f6n Zolotary\u00adovin k\u00e4dest\u00e4 ja kyn\u00e4n tois\u00ades\u00adta. Muis\u00adtile\u00adhti\u00f6\u00f6n ei oltu kuitenkaan ehdit\u00adty kir\u00adjoit\u00adta\u00admaan mit\u00e4\u00e4n ennen kuole\u00admaa. Zolotary\u00adovin vam\u00admat oli\u00advat yht\u00adenev\u00e4iset Dubin\u00adi\u00adnan kanssa. H\u00e4nen kylk\u00adiluista viisi oli\u00advat pahasti mur\u00adtuneet mon\u00ades\u00adta eri kohdas\u00adta. Sis\u00e4ist\u00e4 veren\u00advuo\u00adtoa havait\u00adti\u00adin syd\u00e4n\u00adli\u00adhak\u00adses\u00adsa ja keuhko\u00adpussi\u00adnon\u00adtelos\u00adsa, joten Zolotary\u00adovin ep\u00e4il\u00adl\u00e4\u00e4n my\u00f6s olleen tajuis\u00adsaan vam\u00admo\u00adjen j\u00e4l\u00adkeen. Kum\u00admal\u00adlakaan ei ollut ulkoisia haavo\u00adja tai mustelmia mur\u00adtu\u00admako\u00adhdis\u00adsa. Vasem\u00adman kul\u00admakar\u00advan iho oli irronnut niin, ett\u00e4 alla ole\u00adva luu n\u00e4kyi. My\u00f6s oikeal\u00adla puolel\u00adla p\u00e4\u00e4t\u00e4 ollut avo\u00adhaa\u00adva pal\u00adjasti kalloa. Silmi\u00e4 ei ollut. N\u00e4ist\u00e4kin mys\u00adti\u00adsist\u00e4 ja vakav\u00adista vam\u00admoista huoli\u00admat\u00adta kuolin syyk\u00adsi todet\u00adti\u00adin hypoter\u00admia.<\/p>\n<\/div>\n\n\n\n<div class=\"wp-block-column is-layout-flow wp-block-column-is-layout-flow\" style=\"flex-basis:33.33%\">\n<figure class=\"wp-block-image alignleft size-large\"><img loading=\"lazy\" decoding=\"async\" width=\"753\" height=\"1024\" src=\"https:\/\/wp3.novida.fi\/brainleak\/wp-content\/uploads\/sites\/22\/2025\/04\/Lyudmila-Dubinina-post-mortem-1-753x1024.jpg\" alt class=\"wp-image-733\" srcset=\"https:\/\/wp3.novida.fi\/brainleak\/wp-content\/uploads\/sites\/22\/2025\/04\/Lyudmila-Dubinina-post-mortem-1-753x1024.jpg 753w, https:\/\/wp3.novida.fi\/brainleak\/wp-content\/uploads\/sites\/22\/2025\/04\/Lyudmila-Dubinina-post-mortem-1-221x300.jpg 221w, https:\/\/wp3.novida.fi\/brainleak\/wp-content\/uploads\/sites\/22\/2025\/04\/Lyudmila-Dubinina-post-mortem-1-768x1044.jpg 768w, https:\/\/wp3.novida.fi\/brainleak\/wp-content\/uploads\/sites\/22\/2025\/04\/Lyudmila-Dubinina-post-mortem-1-1130x1536.jpg 1130w, https:\/\/wp3.novida.fi\/brainleak\/wp-content\/uploads\/sites\/22\/2025\/04\/Lyudmila-Dubinina-post-mortem-1.jpg 1200w\" sizes=\"auto, (max-width: 753px) 100vw, 753px\"><\/figure>\n<\/div>\n<\/div>\n\n\n\n<div class=\"wp-block-columns alignfull is-layout-flex wp-container-core-columns-is-layout-3edfa231 wp-block-columns-is-layout-flex\" style=\"padding-right:var(--wp--preset--spacing--xx-large);padding-left:var(--wp--preset--spacing--xx-large)\">\n<div class=\"wp-block-column is-layout-flow wp-block-column-is-layout-flow\">\n<p>Zolotary\u00adovin vier\u00adess\u00e4 maan\u00adnut Kol\u00ade\u00adva\u00adtov oli my\u00f6skin hyvin pukeu\u00adtunut. Kol\u00ade\u00adva\u00adtovil\u00adta puut\u00adtui kum\u00admatkin kul\u00admakar\u00advat, pal\u00adjas\u00adtaen alla ole\u00advat luut. H\u00e4nen nen\u00e4n\u00ads\u00e4 oli mur\u00adtunut ja niska ep\u00e4\u00admuo\u00addos\u00adtunut. Ep\u00e4m\u00e4\u00e4r\u00e4isen ruumi\u00adinavauk\u00adsen j\u00e4l\u00adkeen todet\u00adti\u00adin h\u00e4netkin kuolleen hypoter\u00admi\u00adaan.<\/p>\n\n\n\n<p>Niko\u00adlay Thibeaux-Brig\u00adnollen ruumis l\u00f6y\u00addet\u00adti\u00adin viimeisen\u00e4. H\u00e4n makasi 30cm alem\u00adpana samas\u00adsa purossa Kol\u00ade\u00adva\u00adtovin ja Zolotary\u00adovin kanssa. H\u00e4n oli my\u00f6s varautunut hyvin ulkoil\u00admaan. On ajatel\u00adtu, ett\u00e4 Brig\u00adnolle ja Zolotary\u00adov oli\u00adsi\u00advat olleet valmi\u00adik\u00adsi ulkona teltas\u00adta ennen muiden pak\u00aden\u00ade\u00admista. Brig\u00adnollen kasvois\u00adsa oli mustelmia ja kyyn\u00e4r\u00advar\u00adres\u00adsa sis\u00e4ist\u00e4 veren\u00advuo\u00adtoa. H\u00e4nen vasen puoli kallosta oli pahasti s\u00e4rkynyt. Mur\u00adtu\u00adman p\u00e4\u00e4l\u00adl\u00e4 ollut iho oli kuitenkin ehj\u00e4 ilman mink\u00e4\u00e4n\u00adlaisia vam\u00admo\u00adja. T\u00e4m\u00e4 kohta\u00adlo on niin k\u00e4sit\u00adt\u00e4m\u00e4t\u00f6n, ett\u00e4 kuolin\u00adsyyk\u00adsi todet\u00adti\u00adin vah\u00adva ulkop\u00aduo\u00adli\u00adnen voima.<\/p>\n<\/div>\n<\/div>\n\n\n\n<div class=\"wp-block-columns alignfull is-layout-flex wp-container-core-columns-is-layout-3edfa231 wp-block-columns-is-layout-flex\" style=\"padding-right:var(--wp--preset--spacing--xx-large);padding-left:var(--wp--preset--spacing--xx-large)\">\n<div class=\"wp-block-column is-layout-flow wp-block-column-is-layout-flow\">\n<figure class=\"wp-block-image aligncenter size-full is-resized\"><img loading=\"lazy\" decoding=\"async\" width=\"350\" height=\"270\" src=\"https:\/\/wp3.novida.fi\/brainleak\/wp-content\/uploads\/sites\/22\/2025\/04\/Kolevatov-Zolotaryov-Thibeaux-Brignolle-post-mortem-1.jpg\" alt class=\"wp-image-736\" style=\"width:563px;height:auto\" srcset=\"https:\/\/wp3.novida.fi\/brainleak\/wp-content\/uploads\/sites\/22\/2025\/04\/Kolevatov-Zolotaryov-Thibeaux-Brignolle-post-mortem-1.jpg 350w, https:\/\/wp3.novida.fi\/brainleak\/wp-content\/uploads\/sites\/22\/2025\/04\/Kolevatov-Zolotaryov-Thibeaux-Brignolle-post-mortem-1-300x231.jpg 300w\" sizes=\"auto, (max-width: 350px) 100vw, 350px\"><\/figure>\n<\/div>\n\n\n\n<div class=\"wp-block-column is-layout-flow wp-block-column-is-layout-flow\">\n<figure class=\"wp-block-image size-full\"><img loading=\"lazy\" decoding=\"async\" width=\"643\" height=\"362\" src=\"https:\/\/wp3.novida.fi\/brainleak\/wp-content\/uploads\/sites\/22\/2025\/04\/Dyatlov-pass-incident-map-edited.png\" alt class=\"wp-image-737\" srcset=\"https:\/\/wp3.novida.fi\/brainleak\/wp-content\/uploads\/sites\/22\/2025\/04\/Dyatlov-pass-incident-map-edited.png 643w, https:\/\/wp3.novida.fi\/brainleak\/wp-content\/uploads\/sites\/22\/2025\/04\/Dyatlov-pass-incident-map-edited-300x169.png 300w\" sizes=\"auto, (max-width: 643px) 100vw, 643px\"><\/figure>\n\n\n\n<p>\u2190Semy\u00adon Zolotary\u00adov, Alexan\u00adder Kol\u00ade\u00adva\u00adtov ja Niko\u00adlay Thibeaux-Brig\u00adnolle puron poh\u00adjal\u00adla.<\/p>\n<\/div>\n<\/div>\n\n\n\n<div style=\"height:18px\" aria-hidden=\"true\" class=\"wp-block-spacer\"><\/div>\n\n\n\n<h1 class=\"wp-block-heading has-text-align-center\">Teorioiden pohjaton kuilu<\/h1>\n\n\n\n<div style=\"height:12px\" aria-hidden=\"true\" class=\"wp-block-spacer\"><\/div>\n\n\n\n<div class=\"wp-block-columns alignfull is-layout-flex wp-container-core-columns-is-layout-3edfa231 wp-block-columns-is-layout-flex\" style=\"padding-right:var(--wp--preset--spacing--xx-large);padding-left:var(--wp--preset--spacing--xx-large)\">\n<div class=\"wp-block-column is-layout-flow wp-block-column-is-layout-flow\">\n<figure class=\"wp-block-image aligncenter size-full\"><img loading=\"lazy\" decoding=\"async\" width=\"700\" height=\"554\" src=\"https:\/\/wp3.novida.fi\/brainleak\/wp-content\/uploads\/sites\/22\/2025\/04\/twltta.webp\" alt class=\"wp-image-754\" srcset=\"https:\/\/wp3.novida.fi\/brainleak\/wp-content\/uploads\/sites\/22\/2025\/04\/twltta.webp 700w, https:\/\/wp3.novida.fi\/brainleak\/wp-content\/uploads\/sites\/22\/2025\/04\/twltta-300x237.webp 300w\" sizes=\"auto, (max-width: 700px) 100vw, 700px\"><\/figure>\n<\/div>\n\n\n\n<div class=\"wp-block-column is-layout-flow wp-block-column-is-layout-flow\">\n<p>Yksi ensim\u00adm\u00e4i\u00adsist\u00e4 teo\u00adri\u00adoista kohdis\u00adtui paikalliseen Man\u00adsi heimoon. Dyat\u00adlov joukkoi\u00adneen eksyi reitilt\u00e4 lumimyrskyn vuok\u00adsi ja p\u00e4\u00e4\u00adtyiv\u00e4t Kho\u00adlat Syakhl vuorelle. T\u00e4m\u00e4 vuori on Man\u00adsien revi\u00adir\u00adi\u00e4. T\u00e4ss\u00e4 teo\u00adri\u00adas\u00adsa Man\u00adsi heimo olisi hy\u00f6k\u00e4n\u00adnyt vaelta\u00adjien kimp\u00adpu\u00adun hei\u00add\u00e4n uskaltautues\u00adsa Man\u00adsien alueelle. Todis\u00adtei\u00adta tukeak\u00adseen t\u00e4t\u00e4 teo\u00adri\u00adaa on noin 60 metrin p\u00e4\u00e4st\u00e4 vaelta\u00adjien teltal\u00adta l\u00f6y\u00adtynyt \u201dcham\u201d. Cham on Ven\u00e4j\u00e4n Luoteis-Siper\u00adian kan\u00adso\u00adjen k\u00e4yt\u00adt\u00e4m\u00e4 tilap\u00e4i\u00adnen majoi\u00adtus, jon\u00adka keskel\u00adl\u00e4 tuke\u00advat puut oli\u00advat viel\u00e4 pystyss\u00e4. Vaelta\u00adjien kameroista l\u00f6y\u00adtyi my\u00f6s kuva\u00adma\u00adte\u00adri\u00adaalia Man\u00adsien k\u00e4den\u00adj\u00e4l\u00adjest\u00e4 pitkin hei\u00add\u00e4n reit\u00adti\u00e4\u00e4n.<\/p>\n\n\n\n<p>Lumivy\u00f6ry selit\u00adt\u00e4isi h\u00e4t\u00e4isen l\u00e4hd\u00f6n teltal\u00adta. T\u00e4m\u00e4 teo\u00adria kuitenkin hyl\u00e4t\u00adti\u00adin nopeasti, sil\u00adl\u00e4 kyseisel\u00adl\u00e4 alueel\u00adla ei ollut mink\u00e4\u00e4n\u00adlaisia merkke\u00adj\u00e4 mah\u00addol\u00adlis\u00ades\u00adta lumivy\u00f6rys\u00adt\u00e4. Lumivy\u00f6ry olisi my\u00f6s aiheut\u00adtanut ulkoisia vam\u00admo\u00adja mur\u00adtunei\u00adden luiden iholle. Ehk\u00e4 ryh\u00adm\u00e4 oli kuul\u00adlut voimakkaan \u00e4\u00e4nen ja s\u00e4ik\u00e4ht\u00e4neen\u00e4 juosseet pakoon tun\u00adtem\u00adaton\u00adta, ja my\u00f6hem\u00admin yrit\u00adt\u00e4neet pala\u00adta takaisin teltalle hake\u00admaan lis\u00e4\u00advarus\u00adtus\u00adta.<\/p>\n<\/div>\n<\/div>\n\n\n\n<div class=\"wp-block-columns alignfull is-layout-flex wp-container-core-columns-is-layout-3edfa231 wp-block-columns-is-layout-flex\" style=\"padding-right:var(--wp--preset--spacing--xx-large);padding-left:var(--wp--preset--spacing--xx-large)\">\n<div class=\"wp-block-column is-layout-flow wp-block-column-is-layout-flow\">\n<p>Mik\u00e4 olisikaan onnet\u00adto\u00admuus ilman ufoilua. Man\u00adsi heimo v\u00e4it\u00adti onnet\u00adto\u00admuusy\u00f6n\u00e4 n\u00e4h\u00adneen\u00ads\u00e4 val\u00ado\u00admaisia hehku\u00adpal\u00adlo\u00adja taivaal\u00adla. Zolotary\u00adovin kaulas\u00adsa olleen kam\u00ader\u00adan filmit oli\u00advat vau\u00adri\u00adoituneet vedest\u00e4, mut\u00adta kuvat saati\u00adin lop\u00adul\u00adta kehitet\u00adty\u00e4 ja niis\u00ads\u00e4 n\u00e4kyy taivaal\u00adla ole\u00advia val\u00ado\u00admaisia muo\u00adto\u00adja. Vaik\u00adka val\u00ado\u00admuodot voivat hyvin johtua veden tuot\u00adta\u00admas\u00adta vahin\u00adgos\u00adta, UFO teo\u00adri\u00adaan usko\u00advat ihmiset sanovat Zolotary\u00adovin kuvaa\u00advan UFO\u00adja het\u00adk\u00adi\u00e4 ennen onnet\u00adto\u00admuut\u00adta. Siit\u00e4 syys\u00adt\u00e4 h\u00e4n olisi ollut huo\u00admat\u00adtavasti parem\u00admin pukeu\u00adtunut kuin muut ryh\u00adm\u00e4l\u00e4iset. UFO teo\u00adria voisi my\u00f6s selit\u00adt\u00e4\u00e4 osan vaat\u00adteista l\u00f6y\u00adtyneen radioak\u00adti\u00adivi\u00adsu\u00adu\u00adden.<\/p>\n\n\n\n<p>Neu\u00advos\u00adtoli\u00aditon osal\u00adlisu\u00adus<\/p>\n\n\n\n<p>Matkan keskeyt\u00adt\u00e4nyt vaelta\u00adja Yuri Yudin uskoi Neu\u00advos\u00adtoli\u00aditon armei\u00adjan ja hal\u00adli\u00adtuk\u00adsen ole\u00advan osal\u00adlise\u00adna y\u00f6n tapah\u00adtu\u00admista. Neu\u00advos\u00adtoli\u00adit\u00adto sul\u00adki tapauk\u00adsen kolme vuot\u00adta onnet\u00adto\u00admuu\u00adden j\u00e4l\u00adkeen, ja kun tapaus vih\u00addoin vuo\u00addatet\u00adti\u00adin julk\u00adisu\u00adu\u00adteen, raport\u00adtien ja ruumi\u00adinavausten ris\u00adtiri\u00adidat oli\u00advat laa\u00adjo\u00adja. Kaik\u00adki julk\u00adisu\u00adu\u00adteen saadut tiedot ovat Neu\u00advos\u00adtoli\u00aditon raporteista, jot\u00adka ovat olleet muokkaus alt\u00adti\u00adita. Yudin uskoo yst\u00e4vien\u00ads\u00e4 eksyneen armei\u00adjan alueelle ja armei\u00adjan ole\u00advan vas\u00adtu\u00adus\u00adsa mene\u00adhtyneist\u00e4 vaelta\u00adjista. Yudin huo\u00admaut\u00adti leir\u00adin\u00adt\u00e4alueen l\u00f6y\u00add\u00f6n j\u00e4l\u00adkeen armei\u00adjan ole\u00advan enem\u00adm\u00e4n huolis\u00adsaan hiiht\u00e4jien teoista alueel\u00adla, kuin hei\u00add\u00e4n kuole\u00admas\u00adtaan. Onnet\u00adto\u00admuu\u00adden aikoi\u00adhin Neu\u00advos\u00adtoli\u00adit\u00adto kehit\u00adteli ja tes\u00adtasi uusia aseitaan. Ehk\u00e4 he tes\u00adta\u00adsi\u00advat niit\u00e4 l\u00e4hel\u00adl\u00e4 leir\u00adin\u00adt\u00e4aluet\u00adta, jon\u00adka my\u00f6t\u00e4 kauhis\u00adtuneet vaelta\u00adjat juok\u00adsi\u00advat teltas\u00adtaan.<\/p>\n\n\n\n<p>Onnet\u00adto\u00admuu\u00adden out\u00adouden my\u00f6t\u00e4 ep\u00e4il\u00adl\u00e4\u00e4n eri\u00adlaisia psykol\u00ado\u00adgisia mie\u00adlen\u00adti\u00adlan h\u00e4ir\u00adi\u00f6it\u00e4. T\u00e4ss\u00e4 muu\u00adta\u00adma esimerk\u00adki.<\/p>\n\n\n\n<p>K\u00e1r\u00adm\u00e1n vor\u00adtex street on panikkiko\u00adhtauk\u00adsia aiheut\u00adtavaa erit\u00adt\u00e4in mata\u00adlataa\u00adjuista tuul\u00adta. Ehk\u00e4 t\u00e4m\u00e4 tuuli sai retkeil\u00adi\u00adj\u00e4t vain\u00ado\u00adharhaisik\u00adsi ja pak\u00aden\u00ade\u00admaan teltas\u00adtaan.<\/p>\n\n\n\n<p>Ark\u00adti\u00adnen hys\u00adte\u00adria aiheut\u00adtaa henkist\u00e4 tas\u00adapain\u00adot\u00adto\u00admuut\u00adta ja hys\u00adteerisi\u00e4 ilmi\u00f6it\u00e4. Se voi ilmet\u00e4 ark\u00adtis\u00ades\u00adta kylmyy\u00addest\u00e4, pimey\u00addest\u00e4 ja rav\u00adin\u00adtoainei\u00adden puut\u00adteesta. T\u00e4t\u00e4 hys\u00adte\u00adri\u00adaa on kuitenkin havait\u00adtu vain ark\u00adtisil\u00adla alueil\u00adla vak\u00adi\u00adtuis\u00ades\u00adti asuvil\u00adla alku\u00adper\u00e4iskan\u00adsoil\u00adla, eik\u00e4 niink\u00e4\u00e4n \u201dohikulk\u00adi\u00adjoil\u00adla\u201d.<\/p>\n<\/div>\n<\/div>\n\n\n\n<h3 class=\"wp-block-heading alignwide has-text-align-center\" style=\"border-radius:0px\">Huolimatta kaikista teorioista lopulliseksi syyksi Dyatlovin solan onnettomuudelle annettiin \u201dTuntematon pakottava luonnonvoima\u201d. Lepoa ja rauhaa y\u00f6n uhreille.<\/h3>\n\n\n\n<div class=\"wp-block-cover alignfull is-light\" style=\"min-height:946px;aspect-ratio:unset;\"><img loading=\"lazy\" decoding=\"async\" width=\"1200\" height=\"796\" class=\"wp-block-cover__image-background wp-image-758\" alt src=\"https:\/\/wp3.novida.fi\/brainleak\/wp-content\/uploads\/sites\/22\/2025\/04\/6_18-1.jpg\" style=\"object-position:49% 72%\" data-object-fit=\"cover\" data-object-position=\"49% 72%\" srcset=\"https:\/\/wp3.novida.fi\/brainleak\/wp-content\/uploads\/sites\/22\/2025\/04\/6_18-1.jpg 1200w, https:\/\/wp3.novida.fi\/brainleak\/wp-content\/uploads\/sites\/22\/2025\/04\/6_18-1-300x199.jpg 300w, https:\/\/wp3.novida.fi\/brainleak\/wp-content\/uploads\/sites\/22\/2025\/04\/6_18-1-1024x679.jpg 1024w, https:\/\/wp3.novida.fi\/brainleak\/wp-content\/uploads\/sites\/22\/2025\/04\/6_18-1-768x509.jpg 768w\" sizes=\"auto, (max-width: 1200px) 100vw, 1200px\"><span aria-hidden=\"true\" class=\"wp-block-cover__background has-background-dim-20 has-background-dim\" style=\"background-color:#b8b8b8\"><\/span><div class=\"wp-block-cover__inner-container is-layout-constrained wp-block-cover-is-layout-constrained\">\n<p class=\"has-text-align-center has-large-font-size\"><\/p>\n<\/div><\/div>\n","protected":false},"excerpt":{"rendered":"<p>VAROITUS T\u00e4m\u00e4 postaus k\u00e4sit\u00adtelee Neu\u00advos\u00adtoli\u00aditossa Dyat\u00adlovin solas\u00adsa tapah\u00adtunut\u00adta onnet\u00adto\u00admuut\u00adta ja sis\u00e4lt\u00e4\u00e4 kuvia, jot\u00adka voivat j\u00e4rkyt\u00adt\u00e4\u00e4 osaa luk\u00adi\u00adjoista. Jos koet aiheen h\u00e4ir\u00adit\u00adsev\u00e4k\u00adsi, voit ohit\u00adtaa postauk\u00adsen. Ikuiselta tun\u00adtu\u00adva mys\u00adteeri. Mik\u00e4 sai koke\u00adneet vaelta\u00adjat leikkaa\u00admaan telt\u00adtansa ja juok\u00adse\u00admaan henken\u00ads\u00e4 edest\u00e4 ilman s\u00e4\u00e4n\u00admukaista varus\u00adtus\u00adta hyiseen \u201130 asteen pakkaseen. T\u00e4m\u00e4 Ural vuo\u00adril\u00adla tapah\u00adtunut kohtalokas vael\u00adlus sai alkun\u00adsa 27.1.1959. Yhdek\u00ads\u00e4n toisen [\u2026]<\/p>\n","protected":false},"author":19,"featured_media":758,"comment_status":"open","ping_status":"open","sticky":false,"template":"","format":"standard","meta":{"wp_typography_post_enhancements_disabled":false,"site-container-style":"default","site-container-layout":"default","site-sidebar-layout":"default","disable-article-header":"yes","disable-site-header":"default","disable-site-footer":"default","disable-content-area-spacing":"default","_themeisle_gutenberg_block_has_review":false,"footnotes":""},"categories":[26],"tags":[],"class_list":["post-685","post","type-post","status-publish","format-standard","has-post-thumbnail","hentry","category-true-crime"],"yoast_head":"<!-- This site is optimized with the Yoast SEO plugin v26.5 - https:\/\/yoast.com\/wordpress\/plugins\/seo\/ -->\n<title>Kun &quot;tuntematon pakottava luonnonvoima&quot; ottaa vallan ihmiskehosta - Brainleak online<\/title>\n<meta name=\"robots\" content=\"index, follow, max-snippet:-1, max-image-preview:large, max-video-preview:-1\" \/>\n<link rel=\"canonical\" href=\"https:\/\/wp3.novida.fi\/brainleak\/2025\/04\/14\/685\/\" \/>\n<meta property=\"og:locale\" content=\"en_GB\" \/>\n<meta property=\"og:type\" content=\"article\" \/>\n<meta property=\"og:title\" content=\"Kun &quot;tuntematon pakottava luonnonvoima&quot; ottaa vallan ihmiskehosta - Brainleak online\" \/>\n<meta property=\"og:description\" content=\"VAROITUS T\u00e4m\u00e4 postaus k\u00e4sit\u00adtelee Neu\u00advos\u00adtoli\u00aditossa Dyat\u00adlovin solas\u00adsa tapah\u00adtunut\u00adta onnet\u00adto\u00admuut\u00adta ja sis\u00e4lt\u00e4\u00e4 kuvia, jot\u00adka voivat j\u00e4rkyt\u00adt\u00e4\u00e4 osaa luk\u00adi\u00adjoista. Jos koet aiheen h\u00e4ir\u00adit\u00adsev\u00e4k\u00adsi, voit ohit\u00adtaa postauk\u00adsen. Ikuiselta tuntuva mysteeri. Mik\u00e4 sai kokeneet vaeltajat leikkaamaan telttansa ja juoksemaan henkens\u00e4 edest\u00e4 ilman s\u00e4\u00e4nmukaista varustusta hyiseen \u201130 asteen pakkaseen. T\u00e4m\u00e4 Ural vuorilla tapahtunut kohtalokas vaellus sai alkunsa 27.1.1959. Yhdek\u00ads\u00e4n toisen [&hellip;]\" \/>\n<meta property=\"og:url\" content=\"https:\/\/wp3.novida.fi\/brainleak\/2025\/04\/14\/685\/\" \/>\n<meta property=\"og:site_name\" content=\"Brainleak online\" \/>\n<meta property=\"article:published_time\" content=\"2025-04-14T06:55:26+00:00\" \/>\n<meta property=\"article:modified_time\" content=\"2025-04-16T10:10:58+00:00\" \/>\n<meta property=\"og:image\" content=\"https:\/\/wp3.novida.fi\/brainleak\/wp-content\/uploads\/sites\/22\/2025\/04\/6_18-1.jpg\" \/>\n\t<meta property=\"og:image:width\" content=\"1200\" \/>\n\t<meta property=\"og:image:height\" content=\"796\" \/>\n\t<meta property=\"og:image:type\" content=\"image\/jpeg\" \/>\n<meta name=\"author\" content=\"med22jy\" \/>\n<meta name=\"twitter:card\" content=\"summary_large_image\" \/>\n<meta name=\"twitter:label1\" content=\"Written by\" \/>\n\t<meta name=\"twitter:data1\" content=\"med22jy\" \/>\n\t<meta name=\"twitter:label2\" content=\"Estimated reading time\" \/>\n\t<meta name=\"twitter:data2\" content=\"8 minutes\" \/>\n<script type=\"application\/ld+json\" class=\"yoast-schema-graph\">{\"@context\":\"https:\/\/schema.org\",\"@graph\":[{\"@type\":\"WebPage\",\"@id\":\"https:\/\/wp3.novida.fi\/brainleak\/2025\/04\/14\/685\/\",\"url\":\"https:\/\/wp3.novida.fi\/brainleak\/2025\/04\/14\/685\/\",\"name\":\"Kun \\\"tuntematon pakottava luonnonvoima\\\" ottaa vallan ihmiskehosta - Brainleak online\",\"isPartOf\":{\"@id\":\"https:\/\/wp3.novida.fi\/brainleak\/#website\"},\"primaryImageOfPage\":{\"@id\":\"https:\/\/wp3.novida.fi\/brainleak\/2025\/04\/14\/685\/#primaryimage\"},\"image\":{\"@id\":\"https:\/\/wp3.novida.fi\/brainleak\/2025\/04\/14\/685\/#primaryimage\"},\"thumbnailUrl\":\"https:\/\/wp3.novida.fi\/brainleak\/wp-content\/uploads\/sites\/22\/2025\/04\/6_18-1.jpg\",\"datePublished\":\"2025-04-14T06:55:26+00:00\",\"dateModified\":\"2025-04-16T10:10:58+00:00\",\"author\":{\"@id\":\"https:\/\/wp3.novida.fi\/brainleak\/#\/schema\/person\/0fe3f5bc0e00f45e72fbe9858b076644\"},\"breadcrumb\":{\"@id\":\"https:\/\/wp3.novida.fi\/brainleak\/2025\/04\/14\/685\/#breadcrumb\"},\"inLanguage\":\"en-GB\",\"potentialAction\":[{\"@type\":\"ReadAction\",\"target\":[\"https:\/\/wp3.novida.fi\/brainleak\/2025\/04\/14\/685\/\"]}]},{\"@type\":\"ImageObject\",\"inLanguage\":\"en-GB\",\"@id\":\"https:\/\/wp3.novida.fi\/brainleak\/2025\/04\/14\/685\/#primaryimage\",\"url\":\"https:\/\/wp3.novida.fi\/brainleak\/wp-content\/uploads\/sites\/22\/2025\/04\/6_18-1.jpg\",\"contentUrl\":\"https:\/\/wp3.novida.fi\/brainleak\/wp-content\/uploads\/sites\/22\/2025\/04\/6_18-1.jpg\",\"width\":1200,\"height\":796},{\"@type\":\"BreadcrumbList\",\"@id\":\"https:\/\/wp3.novida.fi\/brainleak\/2025\/04\/14\/685\/#breadcrumb\",\"itemListElement\":[{\"@type\":\"ListItem\",\"position\":1,\"name\":\"Home\",\"item\":\"https:\/\/wp3.novida.fi\/brainleak\/\"},{\"@type\":\"ListItem\",\"position\":2,\"name\":\"Kun &#8220;tuntematon pakottava luonnonvoima&#8221; ottaa vallan ihmiskehosta\"}]},{\"@type\":\"WebSite\",\"@id\":\"https:\/\/wp3.novida.fi\/brainleak\/#website\",\"url\":\"https:\/\/wp3.novida.fi\/brainleak\/\",\"name\":\"Brainleak online\",\"description\":\"\",\"potentialAction\":[{\"@type\":\"SearchAction\",\"target\":{\"@type\":\"EntryPoint\",\"urlTemplate\":\"https:\/\/wp3.novida.fi\/brainleak\/?s={search_term_string}\"},\"query-input\":{\"@type\":\"PropertyValueSpecification\",\"valueRequired\":true,\"valueName\":\"search_term_string\"}}],\"inLanguage\":\"en-GB\"},{\"@type\":\"Person\",\"@id\":\"https:\/\/wp3.novida.fi\/brainleak\/#\/schema\/person\/0fe3f5bc0e00f45e72fbe9858b076644\",\"name\":\"med22jy\",\"image\":{\"@type\":\"ImageObject\",\"inLanguage\":\"en-GB\",\"@id\":\"https:\/\/wp3.novida.fi\/brainleak\/#\/schema\/person\/image\/\",\"url\":\"https:\/\/secure.gravatar.com\/avatar\/9d183bee8f21570239d68d2fe9082de6140acd8e14e02289c6b3dd95329544a3?s=96&d=mm&r=g\",\"contentUrl\":\"https:\/\/secure.gravatar.com\/avatar\/9d183bee8f21570239d68d2fe9082de6140acd8e14e02289c6b3dd95329544a3?s=96&d=mm&r=g\",\"caption\":\"med22jy\"},\"url\":\"https:\/\/wp3.novida.fi\/brainleak\/author\/med22jy\/\"}]}<\/script>\n<!-- \/ Yoast SEO plugin. -->","yoast_head_json":{"title":"Kun \"tuntematon pakottava luonnonvoima\" ottaa vallan ihmiskehosta - Brainleak online","robots":{"index":"index","follow":"follow","max-snippet":"max-snippet:-1","max-image-preview":"max-image-preview:large","max-video-preview":"max-video-preview:-1"},"canonical":"https:\/\/wp3.novida.fi\/brainleak\/2025\/04\/14\/685\/","og_locale":"en_GB","og_type":"article","og_title":"Kun \"tuntematon pakottava luonnonvoima\" ottaa vallan ihmiskehosta - Brainleak online","og_description":"VAROITUS T\u00e4m\u00e4 postaus k\u00e4sit\u00adtelee Neu\u00advos\u00adtoli\u00aditossa Dyat\u00adlovin solas\u00adsa tapah\u00adtunut\u00adta onnet\u00adto\u00admuut\u00adta ja sis\u00e4lt\u00e4\u00e4 kuvia, jot\u00adka voivat j\u00e4rkyt\u00adt\u00e4\u00e4 osaa luk\u00adi\u00adjoista. Jos koet aiheen h\u00e4ir\u00adit\u00adsev\u00e4k\u00adsi, voit ohit\u00adtaa postauk\u00adsen. Ikuiselta tuntuva mysteeri. Mik\u00e4 sai kokeneet vaeltajat leikkaamaan telttansa ja juoksemaan henkens\u00e4 edest\u00e4 ilman s\u00e4\u00e4nmukaista varustusta hyiseen \u201130 asteen pakkaseen. T\u00e4m\u00e4 Ural vuorilla tapahtunut kohtalokas vaellus sai alkunsa 27.1.1959. Yhdek\u00ads\u00e4n toisen [&hellip;]","og_url":"https:\/\/wp3.novida.fi\/brainleak\/2025\/04\/14\/685\/","og_site_name":"Brainleak online","article_published_time":"2025-04-14T06:55:26+00:00","article_modified_time":"2025-04-16T10:10:58+00:00","og_image":[{"width":1200,"height":796,"url":"https:\/\/wp3.novida.fi\/brainleak\/wp-content\/uploads\/sites\/22\/2025\/04\/6_18-1.jpg","type":"image\/jpeg"}],"author":"med22jy","twitter_card":"summary_large_image","twitter_misc":{"Written by":"med22jy","Estimated reading time":"8 minutes"},"schema":{"@context":"https:\/\/schema.org","@graph":[{"@type":"WebPage","@id":"https:\/\/wp3.novida.fi\/brainleak\/2025\/04\/14\/685\/","url":"https:\/\/wp3.novida.fi\/brainleak\/2025\/04\/14\/685\/","name":"Kun \"tuntematon pakottava luonnonvoima\" ottaa vallan ihmiskehosta - Brainleak online","isPartOf":{"@id":"https:\/\/wp3.novida.fi\/brainleak\/#website"},"primaryImageOfPage":{"@id":"https:\/\/wp3.novida.fi\/brainleak\/2025\/04\/14\/685\/#primaryimage"},"image":{"@id":"https:\/\/wp3.novida.fi\/brainleak\/2025\/04\/14\/685\/#primaryimage"},"thumbnailUrl":"https:\/\/wp3.novida.fi\/brainleak\/wp-content\/uploads\/sites\/22\/2025\/04\/6_18-1.jpg","datePublished":"2025-04-14T06:55:26+00:00","dateModified":"2025-04-16T10:10:58+00:00","author":{"@id":"https:\/\/wp3.novida.fi\/brainleak\/#\/schema\/person\/0fe3f5bc0e00f45e72fbe9858b076644"},"breadcrumb":{"@id":"https:\/\/wp3.novida.fi\/brainleak\/2025\/04\/14\/685\/#breadcrumb"},"inLanguage":"en-GB","potentialAction":[{"@type":"ReadAction","target":["https:\/\/wp3.novida.fi\/brainleak\/2025\/04\/14\/685\/"]}]},{"@type":"ImageObject","inLanguage":"en-GB","@id":"https:\/\/wp3.novida.fi\/brainleak\/2025\/04\/14\/685\/#primaryimage","url":"https:\/\/wp3.novida.fi\/brainleak\/wp-content\/uploads\/sites\/22\/2025\/04\/6_18-1.jpg","contentUrl":"https:\/\/wp3.novida.fi\/brainleak\/wp-content\/uploads\/sites\/22\/2025\/04\/6_18-1.jpg","width":1200,"height":796},{"@type":"BreadcrumbList","@id":"https:\/\/wp3.novida.fi\/brainleak\/2025\/04\/14\/685\/#breadcrumb","itemListElement":[{"@type":"ListItem","position":1,"name":"Home","item":"https:\/\/wp3.novida.fi\/brainleak\/"},{"@type":"ListItem","position":2,"name":"Kun &#8220;tuntematon pakottava luonnonvoima&#8221; ottaa vallan ihmiskehosta"}]},{"@type":"WebSite","@id":"https:\/\/wp3.novida.fi\/brainleak\/#website","url":"https:\/\/wp3.novida.fi\/brainleak\/","name":"Brainleak online","description":"","potentialAction":[{"@type":"SearchAction","target":{"@type":"EntryPoint","urlTemplate":"https:\/\/wp3.novida.fi\/brainleak\/?s={search_term_string}"},"query-input":{"@type":"PropertyValueSpecification","valueRequired":true,"valueName":"search_term_string"}}],"inLanguage":"en-GB"},{"@type":"Person","@id":"https:\/\/wp3.novida.fi\/brainleak\/#\/schema\/person\/0fe3f5bc0e00f45e72fbe9858b076644","name":"med22jy","image":{"@type":"ImageObject","inLanguage":"en-GB","@id":"https:\/\/wp3.novida.fi\/brainleak\/#\/schema\/person\/image\/","url":"https:\/\/secure.gravatar.com\/avatar\/9d183bee8f21570239d68d2fe9082de6140acd8e14e02289c6b3dd95329544a3?s=96&d=mm&r=g","contentUrl":"https:\/\/secure.gravatar.com\/avatar\/9d183bee8f21570239d68d2fe9082de6140acd8e14e02289c6b3dd95329544a3?s=96&d=mm&r=g","caption":"med22jy"},"url":"https:\/\/wp3.novida.fi\/brainleak\/author\/med22jy\/"}]}},"_links":{"self":[{"href":"https:\/\/wp3.novida.fi\/brainleak\/wp-json\/wp\/v2\/posts\/685","targetHints":{"allow":["GET"]}}],"collection":[{"href":"https:\/\/wp3.novida.fi\/brainleak\/wp-json\/wp\/v2\/posts"}],"about":[{"href":"https:\/\/wp3.novida.fi\/brainleak\/wp-json\/wp\/v2\/types\/post"}],"author":[{"embeddable":true,"href":"https:\/\/wp3.novida.fi\/brainleak\/wp-json\/wp\/v2\/users\/19"}],"replies":[{"embeddable":true,"href":"https:\/\/wp3.novida.fi\/brainleak\/wp-json\/wp\/v2\/comments?post=685"}],"version-history":[{"count":21,"href":"https:\/\/wp3.novida.fi\/brainleak\/wp-json\/wp\/v2\/posts\/685\/revisions"}],"predecessor-version":[{"id":769,"href":"https:\/\/wp3.novida.fi\/brainleak\/wp-json\/wp\/v2\/posts\/685\/revisions\/769"}],"wp:featuredmedia":[{"embeddable":true,"href":"https:\/\/wp3.novida.fi\/brainleak\/wp-json\/wp\/v2\/media\/758"}],"wp:attachment":[{"href":"https:\/\/wp3.novida.fi\/brainleak\/wp-json\/wp\/v2\/media?parent=685"}],"wp:term":[{"taxonomy":"category","embeddable":true,"href":"https:\/\/wp3.novida.fi\/brainleak\/wp-json\/wp\/v2\/categories?post=685"},{"taxonomy":"post_tag","embeddable":true,"href":"https:\/\/wp3.novida.fi\/brainleak\/wp-json\/wp\/v2\/tags?post=685"}],"curies":[{"name":"wp","href":"https:\/\/api.w.org\/{rel}","templated":true}]}}