{"id":576,"date":"2025-03-26T10:49:55","date_gmt":"2025-03-26T10:49:55","guid":{"rendered":"https:\/\/wp3.novida.fi\/brainleak\/?p=576"},"modified":"2025-03-31T08:08:39","modified_gmt":"2025-03-31T07:08:39","slug":"jamtlanninpystykorva","status":"publish","type":"post","link":"https:\/\/wp3.novida.fi\/brainleak\/2025\/03\/26\/jamtlanninpystykorva\/","title":{"rendered":"J\u00e4mtlanninpystykorva"},"content":{"rendered":"\n<figure class=\"wp-block-image size-large\"><img loading=\"lazy\" decoding=\"async\" width=\"1024\" height=\"683\" src=\"https:\/\/wp3.novida.fi\/brainleak\/wp-content\/uploads\/sites\/22\/2025\/03\/20231014170431_IMG_1837-1-1024x683.jpg\" alt class=\"wp-image-580\" srcset=\"https:\/\/wp3.novida.fi\/brainleak\/wp-content\/uploads\/sites\/22\/2025\/03\/20231014170431_IMG_1837-1-1024x683.jpg 1024w, https:\/\/wp3.novida.fi\/brainleak\/wp-content\/uploads\/sites\/22\/2025\/03\/20231014170431_IMG_1837-1-300x200.jpg 300w, https:\/\/wp3.novida.fi\/brainleak\/wp-content\/uploads\/sites\/22\/2025\/03\/20231014170431_IMG_1837-1-768x512.jpg 768w, https:\/\/wp3.novida.fi\/brainleak\/wp-content\/uploads\/sites\/22\/2025\/03\/20231014170431_IMG_1837-1-1536x1024.jpg 1536w, https:\/\/wp3.novida.fi\/brainleak\/wp-content\/uploads\/sites\/22\/2025\/03\/20231014170431_IMG_1837-1-2048x1365.jpg 2048w\" sizes=\"auto, (max-width: 1024px) 100vw, 1024px\"><\/figure>\n\n\n\n<p>J\u00e4mt\u00adlannin\u00adpystyko\u00adr\u00adva on ruot\u00adsalainen koiraro\u00adtu, jota pide\u00adt\u00e4\u00e4n Ruotsin kansal\u00adlis\u00adro\u00adtu\u00adna. Kuu\u00adluu FCI:n rotu\u00adryh\u00adm\u00e4\u00e4n 5, pystyko\u00adr\u00advat ja alkukan\u00adtaiset koirat. Vuon\u00adna 2023 rotu oli Suomen seit\u00adsem\u00e4n\u00adnek\u00adsi eniten rek\u00adister\u00f6i\u00adty.&nbsp;<\/p>\n\n\n\n<p><\/p>\n\n\n\n<p><strong>Tieto\u00adpl\u00e4j\u00e4ys j\u00e4mt\u00adlannin\u00adpystyko\u00adr\u00advas\u00adta<\/strong><\/p>\n\n\n\n<p><strong>Alku\u00adper\u00e4\u00admaa: <\/strong>Ruot\u00adsi<\/p>\n\n\n\n<p><strong>Paino:<\/strong> urokset noin 30kg ja nar\u00adtut noin 25kg<\/p>\n\n\n\n<p><strong>S\u00e4k\u00e4ko\u00adrkeus: <\/strong>urokset 57\u201365cm ja&nbsp;nar\u00adtut 52\u201360cm<\/p>\n\n\n\n<p><strong>Ulko\u00admuo\u00adto:<\/strong> voimakas, kest\u00e4v\u00e4, suurikokoinen, tiivis\u00adrak\u00aden\u00adteinen, ryhdik\u00e4s, jous\u00adta\u00adva<\/p>\n\n\n\n<p><strong>Per\u00adsoon\u00adal\u00adlisu\u00adus:<\/strong> rohkea, tarmokas, rauhalli\u00adnen, vakaa, sosi\u00adaa\u00adli\u00adnen<\/p>\n\n\n\n<p><strong>Liikun\u00adnan tarve:<\/strong> korkea<\/p>\n\n\n\n<figure class=\"wp-block-image size-large\"><img loading=\"lazy\" decoding=\"async\" width=\"683\" height=\"1024\" src=\"https:\/\/wp3.novida.fi\/brainleak\/wp-content\/uploads\/sites\/22\/2025\/03\/20230815175109_IMG_0438-683x1024.jpg\" alt class=\"wp-image-664\" srcset=\"https:\/\/wp3.novida.fi\/brainleak\/wp-content\/uploads\/sites\/22\/2025\/03\/20230815175109_IMG_0438-683x1024.jpg 683w, https:\/\/wp3.novida.fi\/brainleak\/wp-content\/uploads\/sites\/22\/2025\/03\/20230815175109_IMG_0438-200x300.jpg 200w, https:\/\/wp3.novida.fi\/brainleak\/wp-content\/uploads\/sites\/22\/2025\/03\/20230815175109_IMG_0438-768x1152.jpg 768w, https:\/\/wp3.novida.fi\/brainleak\/wp-content\/uploads\/sites\/22\/2025\/03\/20230815175109_IMG_0438-1024x1536.jpg 1024w, https:\/\/wp3.novida.fi\/brainleak\/wp-content\/uploads\/sites\/22\/2025\/03\/20230815175109_IMG_0438-1365x2048.jpg 1365w, https:\/\/wp3.novida.fi\/brainleak\/wp-content\/uploads\/sites\/22\/2025\/03\/20230815175109_IMG_0438.jpg 1600w\" sizes=\"auto, (max-width: 683px) 100vw, 683px\"><\/figure>\n\n\n\n<p><em>Kuva siit\u00e4, kun oma j\u00e4mt\u00adlannin\u00adpystyko\u00adr\u00adva Kuun\u00adtelu\u00advuoren Oikku p\u00e4\u00e4si SMAAK-koiran\u00adruo\u00adka s\u00e4kin kuvaan. Kuvauk\u00adset j\u00e4r\u00adjestet\u00adti\u00adin Helsingis\u00ads\u00e4 keskus\u00adtas\u00adsa ja Oikku k\u00e4yt\u00adt\u00e4y\u00adtyi reis\u00adsun ajan hyvin ja eik\u00e4 my\u00f6sk\u00e4\u00e4n j\u00e4n\u00adnit\u00adt\u00e4nyt reis\u00adsua yht\u00e4\u00e4n ja kuvauk\u00adsetkin onnis\u00adtui hyvin. &nbsp;<\/em><br><\/p>\n\n\n\n<p><strong>K\u00e4yt\u00adt\u00f6\u00adtarkoi\u00adtus<\/strong><\/p>\n\n\n\n<p>P\u00e4\u00e4s\u00e4\u00e4n\u00adt\u00f6is\u00ades\u00adti j\u00e4mt\u00adlannin\u00adpystyko\u00adrvia k\u00e4ytet\u00e4\u00e4n hir\u00adven\u00admets\u00e4styk\u00adseen, mut\u00adta k\u00e4ytet\u00e4\u00e4n my\u00f6skin karhu\u00adjen ja vil\u00adlisiko\u00adjen met\u00ads\u00e4styk\u00adseen. Enti\u00adsaikoina on met\u00ads\u00e4stet\u00adty my\u00f6skin susia, ilvek\u00adsi\u00e4 ja met\u00ads\u00e4kanal\u00adin\u00adtu\u00adja, jos ei my\u00f6skin nykyp\u00e4iv\u00e4n\u00e4. K\u00e4yt\u00adt\u00f6\u00adtarkoi\u00adtus aset\u00adtaa suuret vaa\u00adtimuk\u00adset voimakku\u00adudelle ja kest\u00e4vyy\u00addelle.&nbsp;<\/p>\n\n\n\n<p><strong>Luonne<\/strong><\/p>\n\n\n\n<p>Rotu on ennen kaikkea rohkea, kest\u00e4v\u00e4 ja tun\u00adnolli\u00adnen met\u00ads\u00e4\u00adty\u00f6l\u00e4i\u00adnen. Yleis\u00ades\u00adti j\u00e4mt\u00adlannin\u00adpystyko\u00adr\u00adva on usein avoin ja sosi\u00adaa\u00adli\u00adnen rotu ja tulee jut\u00adtuun niin vieraiden ihmis\u00adten kuin muiden koirien kanssa. T\u00e4y\u00adtyy tietenkin muis\u00adtaa, ett\u00e4 jokaisen rodun sis\u00e4l\u00adl\u00e4 on paljon vai\u00adhtelua koirayk\u00adsil\u00f6i\u00adden luon\u00adteessa ja k\u00e4yt\u00adt\u00e4y\u00adtymisess\u00e4.&nbsp;<\/p>\n\n\n\n<p>Vaik\u00adka j\u00e4mp\u00adti on toim\u00adintatar\u00admoinen ty\u00f6koira, se osaa my\u00f6s rauhoit\u00adtua eik\u00e4 yleen\u00ads\u00e4 s\u00e4h\u00adl\u00e4\u00e4 ja h\u00f6ss\u00f6t\u00e4. Rodul\u00adla on yleis\u00ades\u00adti yst\u00e4v\u00e4lli\u00adnen ja help\u00adpo perus\u00adlu\u00adonne.&nbsp;<\/p>\n\n\n\n<p><strong>Ter\u00adveys, ik\u00e4 ja turk\u00adki<\/strong><\/p>\n\n\n\n<p>J\u00e4mt\u00adlannin\u00adpystyko\u00adr\u00advaa pide\u00adt\u00e4\u00e4n yleis\u00ades\u00adti melko ter\u00adveen\u00e4 rotu\u00adna. Rotu kuu\u00adluu ns. PEVISA-ohjel\u00admaan, eli perin\u00adn\u00f6l\u00adlis\u00adten sairauk\u00adsien ja viko\u00adjen vas\u00adtus\u00adtamiso\u00adhjel\u00admaan.&nbsp;<\/p>\n\n\n\n<p>Rodun elin\u00adi\u00e4n\u00adodote on noin 12\u201313vuotta. Ik\u00e4 riip\u00adpuu tietenkin ennen kaikkea koirayk\u00adsil\u00f6n ter\u00advey\u00adden\u00adti\u00adlas\u00adta ja mah\u00addol\u00adli\u00adsista tap\u00adatur\u00admista.<\/p>\n\n\n\n<p>Rodul\u00adla on kaksinker\u00adtainen kar\u00advapeite. Turk\u00adki on hyvin s\u00e4\u00e4nkest\u00e4v\u00e4 ja help\u00adpo\u00adhoitoinen. Koira pest\u00e4\u00e4n tarvit\u00adtaes\u00adsa ja har\u00adjataan s\u00e4\u00e4n\u00adn\u00f6l\u00adlis\u00ades\u00adti, etenkin kar\u00advan\u00advai\u00adh\u00addon yhtey\u00addess\u00e4.<\/p>\n\n\n\n<p><strong>Liikun\u00adta<\/strong><\/p>\n\n\n\n<p>Ter\u00adveen j\u00e4mt\u00adlannin\u00adpystyko\u00adr\u00advan liikkun\u00adnan tarve on keski\u00adta\u00adsoa tai korkea. Koira tarvit\u00adsee monipuolista liikun\u00adtaa my\u00f6s akti\u00adivisen met\u00ads\u00e4styskau\u00adden ulkop\u00aduolel\u00adla. P\u00e4ivit\u00adt\u00e4is\u00adten k\u00e4ve\u00adlyi\u00adden lis\u00e4k\u00adsi sen tulisi saa\u00adda ral\u00adlitel\u00adla met\u00ads\u00e4ss\u00e4, rype\u00e4 ojis\u00adsa ja kir\u00adma\u00adta pieru\u00adral\u00adlia koira- tai ihmiskaverei\u00adden kanssa.&nbsp;<\/p>\n\n\n\n<p>Peruskun\u00adtoa on t\u00e4rke\u00e4 yll\u00e4pit\u00e4\u00e4 l\u00e4pi vuo\u00adden, eik\u00e4 pelkk\u00e4 ulko\u00adh\u00e4kiss\u00e4 paikallaan k\u00f6k\u00f6t\u00adt\u00e4mi\u00adnen sovi koiralle. Liikun\u00adnan lis\u00e4k\u00adsi j\u00e4mt\u00adlannin\u00adpystyko\u00adr\u00advalle on suo\u00adtavaa j\u00e4r\u00adjest\u00e4\u00e4 perusar\u00adjes\u00adsa my\u00f6s rotu\u00adtyyp\u00adpil\u00adlist\u00e4 toim\u00adintaa, kuten j\u00e4l\u00adjest\u00e4mist\u00e4.<\/p>\n\n\n\n<p><strong>Ulkon\u00e4k\u00f6<\/strong><\/p>\n\n\n\n<p>J\u00e4mt\u00adlannin\u00adpystyko\u00adr\u00adva on ruot\u00adsalai\u00adsista met\u00ads\u00e4styspystyko\u00adrvista kookkain. Se on suurikokoinen har\u00admaapystyko\u00adr\u00adva. Kor\u00advat ovat pystyt, ter\u00e4v\u00e4k\u00e4rkiset ja yl\u00f6ski\u00adin\u00adnit\u00adtyneet. Rakenne on voimakas, tiivis mut\u00adta jous\u00adta\u00adva, kui\u00adva ja ryhdik\u00e4s. H\u00e4n\u00adt\u00e4 on keskip\u00aditk\u00e4, l\u00f6ys\u00e4sti sel\u00e4n ylle kier\u00adtynyt ja tasaisen pak\u00adsu. Kar\u00advapeite on kaksinker\u00adtainen; lyhyt p\u00e4\u00e4ss\u00e4 ja raa\u00adjo\u00adjen etupuolel\u00adla; pidem\u00adpi kaulas\u00adsa, rin\u00adnas\u00adsa, raa\u00adjo\u00adjen ja reisien takaosas\u00adsa sek\u00e4 h\u00e4n\u00adn\u00e4ss\u00e4. Turkin v\u00e4ri vai\u00adhtelee tum\u00adman\u00adhar\u00admaas\u00adta vaalean\u00adhar\u00admaaseen; kuonos\u00adsa, poskissa ja kurkus\u00adsa, rin\u00adnas\u00adsa, vat\u00adsas\u00adsa, raa\u00adjois\u00adsa ja h\u00e4n\u00adn\u00e4n ala\u00adpuolel\u00adla on yleen\u00ads\u00e4 ker\u00adman\u00adv\u00e4ri\u00e4 tai vaalean\u00adhar\u00admaa\u00adta.<\/p>\n\n\n\n<figure class=\"wp-block-image size-large\"><img loading=\"lazy\" decoding=\"async\" width=\"1024\" height=\"577\" src=\"https:\/\/wp3.novida.fi\/brainleak\/wp-content\/uploads\/sites\/22\/2025\/03\/20230813_170527-1-1024x577.jpg\" alt class=\"wp-image-579\" srcset=\"https:\/\/wp3.novida.fi\/brainleak\/wp-content\/uploads\/sites\/22\/2025\/03\/20230813_170527-1-1024x577.jpg 1024w, https:\/\/wp3.novida.fi\/brainleak\/wp-content\/uploads\/sites\/22\/2025\/03\/20230813_170527-1-300x169.jpg 300w, https:\/\/wp3.novida.fi\/brainleak\/wp-content\/uploads\/sites\/22\/2025\/03\/20230813_170527-1-768x433.jpg 768w, https:\/\/wp3.novida.fi\/brainleak\/wp-content\/uploads\/sites\/22\/2025\/03\/20230813_170527-1.jpg 1168w\" sizes=\"auto, (max-width: 1024px) 100vw, 1024px\"><\/figure>\n","protected":false},"excerpt":{"rendered":"<p>J\u00e4mt\u00adlannin\u00adpystyko\u00adr\u00adva on ruot\u00adsalainen koiraro\u00adtu, jota pide\u00adt\u00e4\u00e4n Ruotsin kansal\u00adlis\u00adro\u00adtu\u00adna. Kuu\u00adluu FCI:n rotu\u00adryh\u00adm\u00e4\u00e4n 5, pystyko\u00adr\u00advat ja alkukan\u00adtaiset koirat. Vuon\u00adna 2023 rotu oli Suomen seit\u00adsem\u00e4n\u00adnek\u00adsi eniten rek\u00adister\u00f6i\u00adty.&nbsp; Tieto\u00adpl\u00e4j\u00e4ys j\u00e4mt\u00adlannin\u00adpystyko\u00adr\u00advas\u00adta Alku\u00adper\u00e4\u00admaa: Ruot\u00adsi Paino: urokset noin 30kg ja nar\u00adtut noin 25kg S\u00e4k\u00e4ko\u00adrkeus: urokset 57\u201365cm ja&nbsp;nar\u00adtut 52\u201360cm Ulko\u00admuo\u00adto: voimakas, kest\u00e4v\u00e4, suurikokoinen, tiivis\u00adrak\u00aden\u00adteinen, ryhdik\u00e4s, jous\u00adta\u00adva Per\u00adsoon\u00adal\u00adlisu\u00adus: rohkea, tarmokas, rauhalli\u00adnen, vakaa, sosi\u00adaa\u00adli\u00adnen Liikun\u00adnan [\u2026]<\/p>\n","protected":false},"author":27,"featured_media":580,"comment_status":"open","ping_status":"open","sticky":false,"template":"","format":"standard","meta":{"wp_typography_post_enhancements_disabled":false,"site-container-style":"default","site-container-layout":"default","site-sidebar-layout":"default","disable-article-header":"default","disable-site-header":"default","disable-site-footer":"default","disable-content-area-spacing":"default","_themeisle_gutenberg_block_has_review":false,"footnotes":""},"categories":[4],"tags":[],"class_list":["post-576","post","type-post","status-publish","format-standard","has-post-thumbnail","hentry","category-elaimet"],"yoast_head":"<!-- This site is optimized with the Yoast SEO plugin v26.5 - https:\/\/yoast.com\/wordpress\/plugins\/seo\/ -->\n<title>J\u00e4mtlanninpystykorva - Brainleak online<\/title>\n<meta name=\"robots\" content=\"index, follow, max-snippet:-1, max-image-preview:large, max-video-preview:-1\" \/>\n<link rel=\"canonical\" href=\"https:\/\/wp3.novida.fi\/brainleak\/2025\/03\/26\/jamtlanninpystykorva\/\" \/>\n<meta property=\"og:locale\" content=\"en_GB\" \/>\n<meta property=\"og:type\" content=\"article\" \/>\n<meta property=\"og:title\" content=\"J\u00e4mtlanninpystykorva - Brainleak online\" \/>\n<meta property=\"og:description\" content=\"J\u00e4mt\u00adlannin\u00adpystyko\u00adr\u00adva on ruot\u00adsalainen koiraro\u00adtu, jota pide\u00adt\u00e4\u00e4n Ruotsin kansal\u00adlis\u00adro\u00adtu\u00adna. Kuu\u00adluu FCI:n rotu\u00adryh\u00adm\u00e4\u00e4n 5, pystyko\u00adr\u00advat ja alkukan\u00adtaiset koirat. Vuon\u00adna 2023 rotu oli Suomen seit\u00adsem\u00e4n\u00adnek\u00adsi eniten rek\u00adister\u00f6i\u00adty.&nbsp; Tieto\u00adpl\u00e4j\u00e4ys j\u00e4mt\u00adlannin\u00adpystyko\u00adr\u00advas\u00adta Alku\u00adper\u00e4\u00admaa: Ruot\u00adsi Paino: urokset noin 30kg ja nar\u00adtut noin 25kg S\u00e4k\u00e4ko\u00adrkeus: urokset 57\u201365cm ja&nbsp;nar\u00adtut 52\u201360cm Ulko\u00admuo\u00adto: voimakas, kest\u00e4v\u00e4, suurikokoinen, tiivis\u00adrak\u00aden\u00adteinen, ryhdik\u00e4s, jous\u00adta\u00adva Per\u00adsoon\u00adal\u00adlisu\u00adus: rohkea, tarmokas, rauhalli\u00adnen, vakaa, sosi\u00adaa\u00adli\u00adnen Liikun\u00adnan [&hellip;]\" \/>\n<meta property=\"og:url\" content=\"https:\/\/wp3.novida.fi\/brainleak\/2025\/03\/26\/jamtlanninpystykorva\/\" \/>\n<meta property=\"og:site_name\" content=\"Brainleak online\" \/>\n<meta property=\"article:published_time\" content=\"2025-03-26T10:49:55+00:00\" \/>\n<meta property=\"article:modified_time\" content=\"2025-03-31T07:08:39+00:00\" \/>\n<meta property=\"og:image\" content=\"https:\/\/wp3.novida.fi\/brainleak\/wp-content\/uploads\/sites\/22\/2025\/03\/20231014170431_IMG_1837-1.jpg\" \/>\n\t<meta property=\"og:image:width\" content=\"2400\" \/>\n\t<meta property=\"og:image:height\" content=\"1600\" \/>\n\t<meta property=\"og:image:type\" content=\"image\/jpeg\" \/>\n<meta name=\"author\" content=\"med23js\" \/>\n<meta name=\"twitter:card\" content=\"summary_large_image\" \/>\n<meta name=\"twitter:label1\" content=\"Written by\" \/>\n\t<meta name=\"twitter:data1\" content=\"med23js\" \/>\n\t<meta name=\"twitter:label2\" content=\"Estimated reading time\" \/>\n\t<meta name=\"twitter:data2\" content=\"3 minutes\" \/>\n<script type=\"application\/ld+json\" class=\"yoast-schema-graph\">{\"@context\":\"https:\/\/schema.org\",\"@graph\":[{\"@type\":\"WebPage\",\"@id\":\"https:\/\/wp3.novida.fi\/brainleak\/2025\/03\/26\/jamtlanninpystykorva\/\",\"url\":\"https:\/\/wp3.novida.fi\/brainleak\/2025\/03\/26\/jamtlanninpystykorva\/\",\"name\":\"J\u00e4mtlanninpystykorva - Brainleak online\",\"isPartOf\":{\"@id\":\"https:\/\/wp3.novida.fi\/brainleak\/#website\"},\"primaryImageOfPage\":{\"@id\":\"https:\/\/wp3.novida.fi\/brainleak\/2025\/03\/26\/jamtlanninpystykorva\/#primaryimage\"},\"image\":{\"@id\":\"https:\/\/wp3.novida.fi\/brainleak\/2025\/03\/26\/jamtlanninpystykorva\/#primaryimage\"},\"thumbnailUrl\":\"https:\/\/wp3.novida.fi\/brainleak\/wp-content\/uploads\/sites\/22\/2025\/03\/20231014170431_IMG_1837-1.jpg\",\"datePublished\":\"2025-03-26T10:49:55+00:00\",\"dateModified\":\"2025-03-31T07:08:39+00:00\",\"author\":{\"@id\":\"https:\/\/wp3.novida.fi\/brainleak\/#\/schema\/person\/3c6058d4cbf7f38015e958b67c684d49\"},\"breadcrumb\":{\"@id\":\"https:\/\/wp3.novida.fi\/brainleak\/2025\/03\/26\/jamtlanninpystykorva\/#breadcrumb\"},\"inLanguage\":\"en-GB\",\"potentialAction\":[{\"@type\":\"ReadAction\",\"target\":[\"https:\/\/wp3.novida.fi\/brainleak\/2025\/03\/26\/jamtlanninpystykorva\/\"]}]},{\"@type\":\"ImageObject\",\"inLanguage\":\"en-GB\",\"@id\":\"https:\/\/wp3.novida.fi\/brainleak\/2025\/03\/26\/jamtlanninpystykorva\/#primaryimage\",\"url\":\"https:\/\/wp3.novida.fi\/brainleak\/wp-content\/uploads\/sites\/22\/2025\/03\/20231014170431_IMG_1837-1.jpg\",\"contentUrl\":\"https:\/\/wp3.novida.fi\/brainleak\/wp-content\/uploads\/sites\/22\/2025\/03\/20231014170431_IMG_1837-1.jpg\",\"width\":2400,\"height\":1600,\"caption\":\"J\u00e4mtlanninpystykorva\"},{\"@type\":\"BreadcrumbList\",\"@id\":\"https:\/\/wp3.novida.fi\/brainleak\/2025\/03\/26\/jamtlanninpystykorva\/#breadcrumb\",\"itemListElement\":[{\"@type\":\"ListItem\",\"position\":1,\"name\":\"Home\",\"item\":\"https:\/\/wp3.novida.fi\/brainleak\/\"},{\"@type\":\"ListItem\",\"position\":2,\"name\":\"J\u00e4mtlanninpystykorva\"}]},{\"@type\":\"WebSite\",\"@id\":\"https:\/\/wp3.novida.fi\/brainleak\/#website\",\"url\":\"https:\/\/wp3.novida.fi\/brainleak\/\",\"name\":\"Brainleak online\",\"description\":\"\",\"potentialAction\":[{\"@type\":\"SearchAction\",\"target\":{\"@type\":\"EntryPoint\",\"urlTemplate\":\"https:\/\/wp3.novida.fi\/brainleak\/?s={search_term_string}\"},\"query-input\":{\"@type\":\"PropertyValueSpecification\",\"valueRequired\":true,\"valueName\":\"search_term_string\"}}],\"inLanguage\":\"en-GB\"},{\"@type\":\"Person\",\"@id\":\"https:\/\/wp3.novida.fi\/brainleak\/#\/schema\/person\/3c6058d4cbf7f38015e958b67c684d49\",\"name\":\"med23js\",\"image\":{\"@type\":\"ImageObject\",\"inLanguage\":\"en-GB\",\"@id\":\"https:\/\/wp3.novida.fi\/brainleak\/#\/schema\/person\/image\/\",\"url\":\"https:\/\/secure.gravatar.com\/avatar\/3329c1b270b31ea5a7111e4e4ccc3a46c21b16895285cbf26ee4a326446c51cb?s=96&d=mm&r=g\",\"contentUrl\":\"https:\/\/secure.gravatar.com\/avatar\/3329c1b270b31ea5a7111e4e4ccc3a46c21b16895285cbf26ee4a326446c51cb?s=96&d=mm&r=g\",\"caption\":\"med23js\"},\"url\":\"https:\/\/wp3.novida.fi\/brainleak\/author\/med23js\/\"}]}<\/script>\n<!-- \/ Yoast SEO plugin. -->","yoast_head_json":{"title":"J\u00e4mtlanninpystykorva - Brainleak online","robots":{"index":"index","follow":"follow","max-snippet":"max-snippet:-1","max-image-preview":"max-image-preview:large","max-video-preview":"max-video-preview:-1"},"canonical":"https:\/\/wp3.novida.fi\/brainleak\/2025\/03\/26\/jamtlanninpystykorva\/","og_locale":"en_GB","og_type":"article","og_title":"J\u00e4mtlanninpystykorva - Brainleak online","og_description":"J\u00e4mt\u00adlannin\u00adpystyko\u00adr\u00adva on ruot\u00adsalainen koiraro\u00adtu, jota pide\u00adt\u00e4\u00e4n Ruotsin kansal\u00adlis\u00adro\u00adtu\u00adna. Kuu\u00adluu FCI:n rotu\u00adryh\u00adm\u00e4\u00e4n 5, pystyko\u00adr\u00advat ja alkukan\u00adtaiset koirat. Vuon\u00adna 2023 rotu oli Suomen seit\u00adsem\u00e4n\u00adnek\u00adsi eniten rek\u00adister\u00f6i\u00adty.&nbsp; Tieto\u00adpl\u00e4j\u00e4ys j\u00e4mt\u00adlannin\u00adpystyko\u00adr\u00advas\u00adta Alku\u00adper\u00e4\u00admaa: Ruot\u00adsi Paino: urokset noin 30kg ja nar\u00adtut noin 25kg S\u00e4k\u00e4ko\u00adrkeus: urokset 57\u201365cm ja&nbsp;nar\u00adtut 52\u201360cm Ulko\u00admuo\u00adto: voimakas, kest\u00e4v\u00e4, suurikokoinen, tiivis\u00adrak\u00aden\u00adteinen, ryhdik\u00e4s, jous\u00adta\u00adva Per\u00adsoon\u00adal\u00adlisu\u00adus: rohkea, tarmokas, rauhalli\u00adnen, vakaa, sosi\u00adaa\u00adli\u00adnen Liikun\u00adnan [&hellip;]","og_url":"https:\/\/wp3.novida.fi\/brainleak\/2025\/03\/26\/jamtlanninpystykorva\/","og_site_name":"Brainleak online","article_published_time":"2025-03-26T10:49:55+00:00","article_modified_time":"2025-03-31T07:08:39+00:00","og_image":[{"width":2400,"height":1600,"url":"https:\/\/wp3.novida.fi\/brainleak\/wp-content\/uploads\/sites\/22\/2025\/03\/20231014170431_IMG_1837-1.jpg","type":"image\/jpeg"}],"author":"med23js","twitter_card":"summary_large_image","twitter_misc":{"Written by":"med23js","Estimated reading time":"3 minutes"},"schema":{"@context":"https:\/\/schema.org","@graph":[{"@type":"WebPage","@id":"https:\/\/wp3.novida.fi\/brainleak\/2025\/03\/26\/jamtlanninpystykorva\/","url":"https:\/\/wp3.novida.fi\/brainleak\/2025\/03\/26\/jamtlanninpystykorva\/","name":"J\u00e4mtlanninpystykorva - Brainleak online","isPartOf":{"@id":"https:\/\/wp3.novida.fi\/brainleak\/#website"},"primaryImageOfPage":{"@id":"https:\/\/wp3.novida.fi\/brainleak\/2025\/03\/26\/jamtlanninpystykorva\/#primaryimage"},"image":{"@id":"https:\/\/wp3.novida.fi\/brainleak\/2025\/03\/26\/jamtlanninpystykorva\/#primaryimage"},"thumbnailUrl":"https:\/\/wp3.novida.fi\/brainleak\/wp-content\/uploads\/sites\/22\/2025\/03\/20231014170431_IMG_1837-1.jpg","datePublished":"2025-03-26T10:49:55+00:00","dateModified":"2025-03-31T07:08:39+00:00","author":{"@id":"https:\/\/wp3.novida.fi\/brainleak\/#\/schema\/person\/3c6058d4cbf7f38015e958b67c684d49"},"breadcrumb":{"@id":"https:\/\/wp3.novida.fi\/brainleak\/2025\/03\/26\/jamtlanninpystykorva\/#breadcrumb"},"inLanguage":"en-GB","potentialAction":[{"@type":"ReadAction","target":["https:\/\/wp3.novida.fi\/brainleak\/2025\/03\/26\/jamtlanninpystykorva\/"]}]},{"@type":"ImageObject","inLanguage":"en-GB","@id":"https:\/\/wp3.novida.fi\/brainleak\/2025\/03\/26\/jamtlanninpystykorva\/#primaryimage","url":"https:\/\/wp3.novida.fi\/brainleak\/wp-content\/uploads\/sites\/22\/2025\/03\/20231014170431_IMG_1837-1.jpg","contentUrl":"https:\/\/wp3.novida.fi\/brainleak\/wp-content\/uploads\/sites\/22\/2025\/03\/20231014170431_IMG_1837-1.jpg","width":2400,"height":1600,"caption":"J\u00e4mtlanninpystykorva"},{"@type":"BreadcrumbList","@id":"https:\/\/wp3.novida.fi\/brainleak\/2025\/03\/26\/jamtlanninpystykorva\/#breadcrumb","itemListElement":[{"@type":"ListItem","position":1,"name":"Home","item":"https:\/\/wp3.novida.fi\/brainleak\/"},{"@type":"ListItem","position":2,"name":"J\u00e4mtlanninpystykorva"}]},{"@type":"WebSite","@id":"https:\/\/wp3.novida.fi\/brainleak\/#website","url":"https:\/\/wp3.novida.fi\/brainleak\/","name":"Brainleak online","description":"","potentialAction":[{"@type":"SearchAction","target":{"@type":"EntryPoint","urlTemplate":"https:\/\/wp3.novida.fi\/brainleak\/?s={search_term_string}"},"query-input":{"@type":"PropertyValueSpecification","valueRequired":true,"valueName":"search_term_string"}}],"inLanguage":"en-GB"},{"@type":"Person","@id":"https:\/\/wp3.novida.fi\/brainleak\/#\/schema\/person\/3c6058d4cbf7f38015e958b67c684d49","name":"med23js","image":{"@type":"ImageObject","inLanguage":"en-GB","@id":"https:\/\/wp3.novida.fi\/brainleak\/#\/schema\/person\/image\/","url":"https:\/\/secure.gravatar.com\/avatar\/3329c1b270b31ea5a7111e4e4ccc3a46c21b16895285cbf26ee4a326446c51cb?s=96&d=mm&r=g","contentUrl":"https:\/\/secure.gravatar.com\/avatar\/3329c1b270b31ea5a7111e4e4ccc3a46c21b16895285cbf26ee4a326446c51cb?s=96&d=mm&r=g","caption":"med23js"},"url":"https:\/\/wp3.novida.fi\/brainleak\/author\/med23js\/"}]}},"_links":{"self":[{"href":"https:\/\/wp3.novida.fi\/brainleak\/wp-json\/wp\/v2\/posts\/576","targetHints":{"allow":["GET"]}}],"collection":[{"href":"https:\/\/wp3.novida.fi\/brainleak\/wp-json\/wp\/v2\/posts"}],"about":[{"href":"https:\/\/wp3.novida.fi\/brainleak\/wp-json\/wp\/v2\/types\/post"}],"author":[{"embeddable":true,"href":"https:\/\/wp3.novida.fi\/brainleak\/wp-json\/wp\/v2\/users\/27"}],"replies":[{"embeddable":true,"href":"https:\/\/wp3.novida.fi\/brainleak\/wp-json\/wp\/v2\/comments?post=576"}],"version-history":[{"count":2,"href":"https:\/\/wp3.novida.fi\/brainleak\/wp-json\/wp\/v2\/posts\/576\/revisions"}],"predecessor-version":[{"id":665,"href":"https:\/\/wp3.novida.fi\/brainleak\/wp-json\/wp\/v2\/posts\/576\/revisions\/665"}],"wp:featuredmedia":[{"embeddable":true,"href":"https:\/\/wp3.novida.fi\/brainleak\/wp-json\/wp\/v2\/media\/580"}],"wp:attachment":[{"href":"https:\/\/wp3.novida.fi\/brainleak\/wp-json\/wp\/v2\/media?parent=576"}],"wp:term":[{"taxonomy":"category","embeddable":true,"href":"https:\/\/wp3.novida.fi\/brainleak\/wp-json\/wp\/v2\/categories?post=576"},{"taxonomy":"post_tag","embeddable":true,"href":"https:\/\/wp3.novida.fi\/brainleak\/wp-json\/wp\/v2\/tags?post=576"}],"curies":[{"name":"wp","href":"https:\/\/api.w.org\/{rel}","templated":true}]}}