{"id":306,"date":"2024-04-10T11:12:48","date_gmt":"2024-04-10T10:12:48","guid":{"rendered":"https:\/\/wp3.novida.fi\/brainleak\/?p=306"},"modified":"2024-04-11T11:50:14","modified_gmt":"2024-04-11T10:50:14","slug":"esittelyssa-pohjoismaat%f0%9f%87%ae%f0%9f%87%b8%f0%9f%87%b3%f0%9f%87%b4%f0%9f%87%b8%f0%9f%87%aa%f0%9f%87%ab%f0%9f%87%ae%f0%9f%87%a9%f0%9f%87%b0","status":"publish","type":"post","link":"https:\/\/wp3.novida.fi\/brainleak\/2024\/04\/10\/esittelyssa-pohjoismaat%f0%9f%87%ae%f0%9f%87%b8%f0%9f%87%b3%f0%9f%87%b4%f0%9f%87%b8%f0%9f%87%aa%f0%9f%87%ab%f0%9f%87%ae%f0%9f%87%a9%f0%9f%87%b0\/","title":{"rendered":"Esittelyss\u00e4 Pohjoismaat\ud83c\uddee\ud83c\uddf8\ud83c\uddf3\ud83c\uddf4\ud83c\uddf8\ud83c\uddea\ud83c\uddeb\ud83c\uddee\ud83c\udde9\ud83c\uddf0"},"content":{"rendered":"\n<p>Olen kiin\u00adnos\u00adtunut maantiedos\u00adta ja t\u00e4ss\u00e4 artikke\u00adlis\u00ads\u00e4 esit\u00adte\u00adlen fak\u00adto\u00adja jokaises\u00adta Pohjo\u00adis\u00admaas\u00adta. L\u00e4h\u00adteen\u00e4 k\u00e4ytin <a href=\"https:\/\/fi.wikipedia.org\/wiki\/Wikipedia:Etusivu\">Wikipedi\u00adaa<\/a>, <a href=\"https:\/\/globalis.fi\">Glob\u00adal\u00adista<\/a> ja <a href=\"https:\/\/www.norden.org\/fi\">Pohjo\u00adis\u00admaid\u00aden yhteisty\u00f6\u00adsivus\u00adtoa<\/a>.<\/p>\n\n\n\n<p><\/p>\n\n\n\n<h2 class=\"wp-block-heading\">Islanti<\/h2>\n\n\n\n<figure class=\"wp-block-image size-large is-resized\"><img loading=\"lazy\" decoding=\"async\" width=\"1024\" height=\"709\" src=\"https:\/\/wp3.novida.fi\/brainleak\/wp-content\/uploads\/sites\/22\/2024\/04\/iceland-881099_1920-1-1024x709.png\" alt class=\"wp-image-320\" style=\"width:495px;height:auto\" srcset=\"https:\/\/wp3.novida.fi\/brainleak\/wp-content\/uploads\/sites\/22\/2024\/04\/iceland-881099_1920-1-1024x709.png 1024w, https:\/\/wp3.novida.fi\/brainleak\/wp-content\/uploads\/sites\/22\/2024\/04\/iceland-881099_1920-1-300x208.png 300w, https:\/\/wp3.novida.fi\/brainleak\/wp-content\/uploads\/sites\/22\/2024\/04\/iceland-881099_1920-1-768x532.png 768w, https:\/\/wp3.novida.fi\/brainleak\/wp-content\/uploads\/sites\/22\/2024\/04\/iceland-881099_1920-1-1536x1064.png 1536w, https:\/\/wp3.novida.fi\/brainleak\/wp-content\/uploads\/sites\/22\/2024\/04\/iceland-881099_1920-1.png 1920w\" sizes=\"auto, (max-width: 1024px) 100vw, 1024px\"><\/figure>\n\n\n\n<div class=\"wp-block-columns is-layout-flex wp-container-core-columns-is-layout-28f84493 wp-block-columns-is-layout-flex\">\n<div class=\"wp-block-column is-layout-flow wp-block-column-is-layout-flow\">\n<figure class=\"wp-block-image size-large is-resized\"><img loading=\"lazy\" decoding=\"async\" width=\"1024\" height=\"731\" src=\"https:\/\/wp3.novida.fi\/brainleak\/wp-content\/uploads\/sites\/22\/2024\/04\/reykjavik-2257521_1280-1024x731.jpg\" alt class=\"wp-image-307\" style=\"width:1140px;height:auto\" srcset=\"https:\/\/wp3.novida.fi\/brainleak\/wp-content\/uploads\/sites\/22\/2024\/04\/reykjavik-2257521_1280-1024x731.jpg 1024w, https:\/\/wp3.novida.fi\/brainleak\/wp-content\/uploads\/sites\/22\/2024\/04\/reykjavik-2257521_1280-300x214.jpg 300w, https:\/\/wp3.novida.fi\/brainleak\/wp-content\/uploads\/sites\/22\/2024\/04\/reykjavik-2257521_1280-768x548.jpg 768w, https:\/\/wp3.novida.fi\/brainleak\/wp-content\/uploads\/sites\/22\/2024\/04\/reykjavik-2257521_1280.jpg 1280w\" sizes=\"auto, (max-width: 1024px) 100vw, 1024px\"><\/figure>\n<\/div>\n<\/div>\n\n\n\n<p>V\u00e4k\u00adiluku: 377&nbsp;689 (vuon\u00adna 2024)<\/p>\n\n\n\n<p>Pin\u00adta-ala: 103&nbsp;000 km\u00b2<\/p>\n\n\n\n<p>P\u00e4\u00e4kaupun\u00adki. Reyk\u00adjav\u00edk<\/p>\n\n\n\n<p>Val\u00adtiomuo\u00adto: tasaval\u00adta<\/p>\n\n\n\n<p>Viralli\u00adnen kieli: islanti<\/p>\n\n\n\n<p>Val\u00adu\u00adut\u00adta: Islannin kru\u00adunu<\/p>\n\n\n\n<p>Kansal\u00adlisp\u00e4iv\u00e4: 17.7.&nbsp;<\/p>\n\n\n\n<p>Val\u00adtion\u00adp\u00e4\u00e4mies: pres\u00adi\u00addent\u00adti Gu\u00f0ni Th. J\u00f3han\u00adnes\u00adson (2016-)<\/p>\n\n\n\n<p>Poli\u00adit\u00adti\u00adnen johta\u00adja: p\u00e4\u00e4min\u00adis\u00adteri Katr\u00edn Jakob\u00ads\u00add\u00f3t\u00adtir (2017-)<\/p>\n\n\n\n<p>Aikavy\u00f6hyke: UTC+0 (kes\u00e4ai\u00adka ei k\u00e4yt\u00f6ss\u00e4)<\/p>\n\n\n\n<p>Lyhenne: IS, ISL<\/p>\n\n\n\n<p><\/p>\n\n\n\n<figure class=\"wp-block-image size-large is-resized\"><img loading=\"lazy\" decoding=\"async\" width=\"1024\" height=\"681\" src=\"https:\/\/wp3.novida.fi\/brainleak\/wp-content\/uploads\/sites\/22\/2024\/04\/river-7728801_1280-1-1024x681.jpg\" alt class=\"wp-image-325\" style=\"width:1139px;height:auto\" srcset=\"https:\/\/wp3.novida.fi\/brainleak\/wp-content\/uploads\/sites\/22\/2024\/04\/river-7728801_1280-1-1024x681.jpg 1024w, https:\/\/wp3.novida.fi\/brainleak\/wp-content\/uploads\/sites\/22\/2024\/04\/river-7728801_1280-1-300x199.jpg 300w, https:\/\/wp3.novida.fi\/brainleak\/wp-content\/uploads\/sites\/22\/2024\/04\/river-7728801_1280-1-768x511.jpg 768w, https:\/\/wp3.novida.fi\/brainleak\/wp-content\/uploads\/sites\/22\/2024\/04\/river-7728801_1280-1.jpg 1280w\" sizes=\"auto, (max-width: 1024px) 100vw, 1024px\"><\/figure>\n\n\n\n<p><\/p>\n\n\n\n<h2 class=\"wp-block-heading\">Norja<\/h2>\n\n\n\n<figure class=\"wp-block-image size-large is-resized\"><img loading=\"lazy\" decoding=\"async\" width=\"823\" height=\"1024\" src=\"https:\/\/wp3.novida.fi\/brainleak\/wp-content\/uploads\/sites\/22\/2024\/04\/norway-1487008_1920-823x1024.png\" alt class=\"wp-image-322\" style=\"width:495px;height:auto\" srcset=\"https:\/\/wp3.novida.fi\/brainleak\/wp-content\/uploads\/sites\/22\/2024\/04\/norway-1487008_1920-823x1024.png 823w, https:\/\/wp3.novida.fi\/brainleak\/wp-content\/uploads\/sites\/22\/2024\/04\/norway-1487008_1920-241x300.png 241w, https:\/\/wp3.novida.fi\/brainleak\/wp-content\/uploads\/sites\/22\/2024\/04\/norway-1487008_1920-768x956.png 768w, https:\/\/wp3.novida.fi\/brainleak\/wp-content\/uploads\/sites\/22\/2024\/04\/norway-1487008_1920-1234x1536.png 1234w, https:\/\/wp3.novida.fi\/brainleak\/wp-content\/uploads\/sites\/22\/2024\/04\/norway-1487008_1920.png 1543w\" sizes=\"auto, (max-width: 823px) 100vw, 823px\"><\/figure>\n\n\n\n<div class=\"wp-block-columns is-layout-flex wp-container-core-columns-is-layout-28f84493 wp-block-columns-is-layout-flex\">\n<div class=\"wp-block-column is-layout-flow wp-block-column-is-layout-flow\">\n<figure class=\"wp-block-image size-large is-resized\"><img loading=\"lazy\" decoding=\"async\" width=\"1024\" height=\"682\" src=\"https:\/\/wp3.novida.fi\/brainleak\/wp-content\/uploads\/sites\/22\/2024\/04\/oslo-921758_1280-1-1024x682.jpg\" alt class=\"wp-image-326\" style=\"width:1140px;height:auto\" srcset=\"https:\/\/wp3.novida.fi\/brainleak\/wp-content\/uploads\/sites\/22\/2024\/04\/oslo-921758_1280-1-1024x682.jpg 1024w, https:\/\/wp3.novida.fi\/brainleak\/wp-content\/uploads\/sites\/22\/2024\/04\/oslo-921758_1280-1-300x200.jpg 300w, https:\/\/wp3.novida.fi\/brainleak\/wp-content\/uploads\/sites\/22\/2024\/04\/oslo-921758_1280-1-768x512.jpg 768w, https:\/\/wp3.novida.fi\/brainleak\/wp-content\/uploads\/sites\/22\/2024\/04\/oslo-921758_1280-1.jpg 1280w\" sizes=\"auto, (max-width: 1024px) 100vw, 1024px\"><\/figure>\n<\/div>\n<\/div>\n\n\n\n<p>V\u00e4k\u00adiluku: 5&nbsp;514&nbsp;477 (vuon\u00adna 2024)<\/p>\n\n\n\n<p>Pin\u00adta-ala: 385&nbsp;178 km\u00b2<\/p>\n\n\n\n<p>P\u00e4\u00e4kaupun\u00adki: Oslo<\/p>\n\n\n\n<p>Val\u00adtiomuo\u00adto: kuningaskun\u00adta, perus\u00adtus\u00adlailli\u00adnen monarkia<\/p>\n\n\n\n<p>Viralli\u00adnen kieli: nor\u00adja, saame\u00adlaiskielet<\/p>\n\n\n\n<p>Val\u00adu\u00adut\u00adta: Nor\u00adjan kru\u00adunu<\/p>\n\n\n\n<p>Kansal\u00adlisp\u00e4iv\u00e4: 17.5.<\/p>\n\n\n\n<p>Val\u00adtion\u00adp\u00e4\u00e4mies: kuningas Har\u00adald V (1991-)<\/p>\n\n\n\n<p>Poli\u00adit\u00adti\u00adnen johta\u00adja: p\u00e4\u00e4min\u00adis\u00adteri Jonas Gahr St\u00f8re (2021-)<\/p>\n\n\n\n<p>Aikavy\u00f6hyke: UTC+1 (kes\u00e4ai\u00adka UTC+2)<\/p>\n\n\n\n<p>Lyhenne: NO, NOR<\/p>\n\n\n\n<figure class=\"wp-block-image size-large is-resized\"><img loading=\"lazy\" decoding=\"async\" width=\"1024\" height=\"682\" src=\"https:\/\/wp3.novida.fi\/brainleak\/wp-content\/uploads\/sites\/22\/2024\/04\/mountains-8108961_1280-1-1024x682.jpg\" alt class=\"wp-image-327\" style=\"width:1139px;height:auto\" srcset=\"https:\/\/wp3.novida.fi\/brainleak\/wp-content\/uploads\/sites\/22\/2024\/04\/mountains-8108961_1280-1-1024x682.jpg 1024w, https:\/\/wp3.novida.fi\/brainleak\/wp-content\/uploads\/sites\/22\/2024\/04\/mountains-8108961_1280-1-300x200.jpg 300w, https:\/\/wp3.novida.fi\/brainleak\/wp-content\/uploads\/sites\/22\/2024\/04\/mountains-8108961_1280-1-768x512.jpg 768w, https:\/\/wp3.novida.fi\/brainleak\/wp-content\/uploads\/sites\/22\/2024\/04\/mountains-8108961_1280-1.jpg 1280w\" sizes=\"auto, (max-width: 1024px) 100vw, 1024px\"><\/figure>\n\n\n\n<p><\/p>\n\n\n\n<h2 class=\"wp-block-heading\">Ruotsi<\/h2>\n\n\n\n<figure class=\"wp-block-image size-large is-resized\"><img loading=\"lazy\" decoding=\"async\" width=\"512\" height=\"1024\" src=\"https:\/\/wp3.novida.fi\/brainleak\/wp-content\/uploads\/sites\/22\/2024\/04\/sweden-1473394_1920-512x1024.png\" alt class=\"wp-image-321\" style=\"width:348px;height:auto\" srcset=\"https:\/\/wp3.novida.fi\/brainleak\/wp-content\/uploads\/sites\/22\/2024\/04\/sweden-1473394_1920-512x1024.png 512w, https:\/\/wp3.novida.fi\/brainleak\/wp-content\/uploads\/sites\/22\/2024\/04\/sweden-1473394_1920-150x300.png 150w, https:\/\/wp3.novida.fi\/brainleak\/wp-content\/uploads\/sites\/22\/2024\/04\/sweden-1473394_1920-768x1536.png 768w, https:\/\/wp3.novida.fi\/brainleak\/wp-content\/uploads\/sites\/22\/2024\/04\/sweden-1473394_1920.png 960w\" sizes=\"auto, (max-width: 512px) 100vw, 512px\"><\/figure>\n\n\n\n<div class=\"wp-block-columns is-layout-flex wp-container-core-columns-is-layout-28f84493 wp-block-columns-is-layout-flex\">\n<div class=\"wp-block-column is-layout-flow wp-block-column-is-layout-flow\">\n<figure class=\"wp-block-image size-large is-resized\"><img loading=\"lazy\" decoding=\"async\" width=\"1024\" height=\"625\" src=\"https:\/\/wp3.novida.fi\/brainleak\/wp-content\/uploads\/sites\/22\/2024\/04\/stockholm-3897532_1280-1024x625.jpg\" alt class=\"wp-image-331\" style=\"width:1140px;height:auto\" srcset=\"https:\/\/wp3.novida.fi\/brainleak\/wp-content\/uploads\/sites\/22\/2024\/04\/stockholm-3897532_1280-1024x625.jpg 1024w, https:\/\/wp3.novida.fi\/brainleak\/wp-content\/uploads\/sites\/22\/2024\/04\/stockholm-3897532_1280-300x183.jpg 300w, https:\/\/wp3.novida.fi\/brainleak\/wp-content\/uploads\/sites\/22\/2024\/04\/stockholm-3897532_1280-768x469.jpg 768w, https:\/\/wp3.novida.fi\/brainleak\/wp-content\/uploads\/sites\/22\/2024\/04\/stockholm-3897532_1280.jpg 1280w\" sizes=\"auto, (max-width: 1024px) 100vw, 1024px\"><\/figure>\n<\/div>\n<\/div>\n\n\n\n<p>V\u00e4k\u00adiluku: 10&nbsp;673&nbsp;669 (vuon\u00adna 2024)<\/p>\n\n\n\n<p>Pin\u00adta-ala: 450&nbsp;295 km\u00b2<\/p>\n\n\n\n<p>P\u00e4\u00e4kaupun\u00adki: Tukhol\u00adma<\/p>\n\n\n\n<p>Val\u00adtiomuo\u00adto: kuningaskun\u00adta, perus\u00adtus\u00adlailli\u00adnen monarkia<\/p>\n\n\n\n<p>Viralli\u00adnen kieli: ruot\u00adsi<\/p>\n\n\n\n<p>Val\u00adu\u00adut\u00adta: Ruotsin kru\u00adunu<\/p>\n\n\n\n<p>Kansal\u00adlisp\u00e4iv\u00e4: 6.6.<\/p>\n\n\n\n<p>Val\u00adtion\u00adp\u00e4\u00e4mies: kuningas Kaar\u00adle XVI Kus\u00adtaa (1973-)<\/p>\n\n\n\n<p>Poli\u00adit\u00adti\u00adnen johta\u00adja: p\u00e4\u00e4min\u00adis\u00adteri Ulf Kris\u00adters\u00adson (2022-)<\/p>\n\n\n\n<p>Aikavy\u00f6hyke: UTC+1 (kes\u00e4ai\u00adka UTC+2)<\/p>\n\n\n\n<p>Lyhenne: SE, SWE<\/p>\n\n\n\n<figure class=\"wp-block-image size-large is-resized\"><img loading=\"lazy\" decoding=\"async\" width=\"1024\" height=\"681\" src=\"https:\/\/wp3.novida.fi\/brainleak\/wp-content\/uploads\/sites\/22\/2024\/04\/solar-2285763_1280-1-1024x681.jpg\" alt class=\"wp-image-330\" style=\"width:1141px;height:auto\" srcset=\"https:\/\/wp3.novida.fi\/brainleak\/wp-content\/uploads\/sites\/22\/2024\/04\/solar-2285763_1280-1-1024x681.jpg 1024w, https:\/\/wp3.novida.fi\/brainleak\/wp-content\/uploads\/sites\/22\/2024\/04\/solar-2285763_1280-1-300x199.jpg 300w, https:\/\/wp3.novida.fi\/brainleak\/wp-content\/uploads\/sites\/22\/2024\/04\/solar-2285763_1280-1-768x511.jpg 768w, https:\/\/wp3.novida.fi\/brainleak\/wp-content\/uploads\/sites\/22\/2024\/04\/solar-2285763_1280-1.jpg 1280w\" sizes=\"auto, (max-width: 1024px) 100vw, 1024px\"><\/figure>\n\n\n\n<p><\/p>\n\n\n\n<h2 class=\"wp-block-heading\">Suomi<\/h2>\n\n\n\n<figure class=\"wp-block-image size-large is-resized\"><img loading=\"lazy\" decoding=\"async\" width=\"591\" height=\"1024\" src=\"https:\/\/wp3.novida.fi\/brainleak\/wp-content\/uploads\/sites\/22\/2024\/04\/finland-1487003_1920-591x1024.png\" alt class=\"wp-image-323\" style=\"width:326px;height:auto\" srcset=\"https:\/\/wp3.novida.fi\/brainleak\/wp-content\/uploads\/sites\/22\/2024\/04\/finland-1487003_1920-591x1024.png 591w, https:\/\/wp3.novida.fi\/brainleak\/wp-content\/uploads\/sites\/22\/2024\/04\/finland-1487003_1920-173x300.png 173w, https:\/\/wp3.novida.fi\/brainleak\/wp-content\/uploads\/sites\/22\/2024\/04\/finland-1487003_1920-768x1330.png 768w, https:\/\/wp3.novida.fi\/brainleak\/wp-content\/uploads\/sites\/22\/2024\/04\/finland-1487003_1920-887x1536.png 887w, https:\/\/wp3.novida.fi\/brainleak\/wp-content\/uploads\/sites\/22\/2024\/04\/finland-1487003_1920.png 1109w\" sizes=\"auto, (max-width: 591px) 100vw, 591px\"><\/figure>\n\n\n\n<div class=\"wp-block-columns is-layout-flex wp-container-core-columns-is-layout-28f84493 wp-block-columns-is-layout-flex\">\n<div class=\"wp-block-column is-layout-flow wp-block-column-is-layout-flow\">\n<figure class=\"wp-block-image size-large is-resized\"><img loading=\"lazy\" decoding=\"async\" width=\"1024\" height=\"682\" src=\"https:\/\/wp3.novida.fi\/brainleak\/wp-content\/uploads\/sites\/22\/2024\/04\/helsinki-cathedral-4189824_1280-1024x682.jpg\" alt class=\"wp-image-315\" style=\"width:1140px;height:auto\" srcset=\"https:\/\/wp3.novida.fi\/brainleak\/wp-content\/uploads\/sites\/22\/2024\/04\/helsinki-cathedral-4189824_1280-1024x682.jpg 1024w, https:\/\/wp3.novida.fi\/brainleak\/wp-content\/uploads\/sites\/22\/2024\/04\/helsinki-cathedral-4189824_1280-300x200.jpg 300w, https:\/\/wp3.novida.fi\/brainleak\/wp-content\/uploads\/sites\/22\/2024\/04\/helsinki-cathedral-4189824_1280-768x512.jpg 768w, https:\/\/wp3.novida.fi\/brainleak\/wp-content\/uploads\/sites\/22\/2024\/04\/helsinki-cathedral-4189824_1280.jpg 1280w\" sizes=\"auto, (max-width: 1024px) 100vw, 1024px\"><\/figure>\n<\/div>\n<\/div>\n\n\n\n<p>V\u00e4k\u00adiluku: 5&nbsp;549&nbsp;886 (vuon\u00adna 2024)<\/p>\n\n\n\n<p>Pin\u00adta-ala: 338&nbsp;472 km\u00b2<\/p>\n\n\n\n<p>P\u00e4\u00e4kaupun\u00adki: Helsin\u00adki<\/p>\n\n\n\n<p>Val\u00adtiomuo\u00adto: tasaval\u00adta<\/p>\n\n\n\n<p>Viralli\u00adnen kieli: suo\u00admi, ruot\u00adsi<\/p>\n\n\n\n<p>Val\u00adu\u00adut\u00adta: euro<\/p>\n\n\n\n<p>Kansal\u00adlisp\u00e4iv\u00e4: 6.12.<\/p>\n\n\n\n<p>Val\u00adtion\u00adp\u00e4\u00e4mies: pres\u00adi\u00addent\u00adti Alexan\u00adder Stubb (2024-)<\/p>\n\n\n\n<p>Poli\u00adit\u00adti\u00adnen johta\u00adja: p\u00e4\u00e4min\u00adis\u00adteri Pet\u00adteri Orpo (2023-)<\/p>\n\n\n\n<p>Aikavy\u00f6hyke: UTC+2 (kes\u00e4ai\u00adka UTC+3)<\/p>\n\n\n\n<p>Lyhenne: FI, FIN<\/p>\n\n\n\n<figure class=\"wp-block-image size-large is-resized\"><img loading=\"lazy\" decoding=\"async\" width=\"1024\" height=\"576\" src=\"https:\/\/wp3.novida.fi\/brainleak\/wp-content\/uploads\/sites\/22\/2024\/04\/ridge-7996767_1280-1024x576.jpg\" alt class=\"wp-image-316\" style=\"width:1143px;height:auto\" srcset=\"https:\/\/wp3.novida.fi\/brainleak\/wp-content\/uploads\/sites\/22\/2024\/04\/ridge-7996767_1280-1024x576.jpg 1024w, https:\/\/wp3.novida.fi\/brainleak\/wp-content\/uploads\/sites\/22\/2024\/04\/ridge-7996767_1280-300x169.jpg 300w, https:\/\/wp3.novida.fi\/brainleak\/wp-content\/uploads\/sites\/22\/2024\/04\/ridge-7996767_1280-768x432.jpg 768w, https:\/\/wp3.novida.fi\/brainleak\/wp-content\/uploads\/sites\/22\/2024\/04\/ridge-7996767_1280.jpg 1280w\" sizes=\"auto, (max-width: 1024px) 100vw, 1024px\"><\/figure>\n\n\n\n<p><\/p>\n\n\n\n<h2 class=\"wp-block-heading\">Tanska<\/h2>\n\n\n\n<figure class=\"wp-block-image size-large is-resized\"><img loading=\"lazy\" decoding=\"async\" width=\"1024\" height=\"808\" src=\"https:\/\/wp3.novida.fi\/brainleak\/wp-content\/uploads\/sites\/22\/2024\/04\/denmark-1487004_1920-1024x808.png\" alt class=\"wp-image-324\" style=\"width:495px;height:auto\" srcset=\"https:\/\/wp3.novida.fi\/brainleak\/wp-content\/uploads\/sites\/22\/2024\/04\/denmark-1487004_1920-1024x808.png 1024w, https:\/\/wp3.novida.fi\/brainleak\/wp-content\/uploads\/sites\/22\/2024\/04\/denmark-1487004_1920-300x237.png 300w, https:\/\/wp3.novida.fi\/brainleak\/wp-content\/uploads\/sites\/22\/2024\/04\/denmark-1487004_1920-768x606.png 768w, https:\/\/wp3.novida.fi\/brainleak\/wp-content\/uploads\/sites\/22\/2024\/04\/denmark-1487004_1920-1536x1212.png 1536w, https:\/\/wp3.novida.fi\/brainleak\/wp-content\/uploads\/sites\/22\/2024\/04\/denmark-1487004_1920.png 1920w\" sizes=\"auto, (max-width: 1024px) 100vw, 1024px\"><\/figure>\n\n\n\n<div class=\"wp-block-columns is-layout-flex wp-container-core-columns-is-layout-28f84493 wp-block-columns-is-layout-flex\">\n<div class=\"wp-block-column is-layout-flow wp-block-column-is-layout-flow\">\n<figure class=\"wp-block-image size-large is-resized\"><img loading=\"lazy\" decoding=\"async\" width=\"1024\" height=\"515\" src=\"https:\/\/wp3.novida.fi\/brainleak\/wp-content\/uploads\/sites\/22\/2024\/04\/landscape-64277_1280-1024x515.jpg\" alt class=\"wp-image-318\" style=\"width:1140px;height:auto\" srcset=\"https:\/\/wp3.novida.fi\/brainleak\/wp-content\/uploads\/sites\/22\/2024\/04\/landscape-64277_1280-1024x515.jpg 1024w, https:\/\/wp3.novida.fi\/brainleak\/wp-content\/uploads\/sites\/22\/2024\/04\/landscape-64277_1280-300x151.jpg 300w, https:\/\/wp3.novida.fi\/brainleak\/wp-content\/uploads\/sites\/22\/2024\/04\/landscape-64277_1280-768x386.jpg 768w, https:\/\/wp3.novida.fi\/brainleak\/wp-content\/uploads\/sites\/22\/2024\/04\/landscape-64277_1280.jpg 1280w\" sizes=\"auto, (max-width: 1024px) 100vw, 1024px\"><\/figure>\n<\/div>\n<\/div>\n\n\n\n<p>V\u00e4k\u00adiluku: 5&nbsp;939&nbsp;695 (vuon\u00adna 2024)<\/p>\n\n\n\n<p>Pin\u00adta-ala: 43&nbsp;090 km\u00b2<\/p>\n\n\n\n<p>P\u00e4\u00e4kaupun\u00adki. K\u00f6\u00f6pen\u00adham\u00adi\u00adna<\/p>\n\n\n\n<p>Val\u00adtiomuo\u00adto: kuningaskun\u00adta, perus\u00adtus\u00adlailli\u00adnen monarkia<\/p>\n\n\n\n<p>Viralli\u00adnen kieli: tan\u00ads\u00adka<\/p>\n\n\n\n<p>Val\u00adu\u00adut\u00adta: Tan\u00adskan kru\u00adunu<\/p>\n\n\n\n<p>Kansal\u00adlisp\u00e4iv\u00e4: 5.6.<\/p>\n\n\n\n<p>Val\u00adtion\u00adp\u00e4\u00e4mies: kuningas Fred\u00aderik X (2024-)<\/p>\n\n\n\n<p>Poli\u00adit\u00adti\u00adnen johta\u00adja: p\u00e4\u00e4min\u00adis\u00adteri Mette Fred\u00aderik\u00adsen (2019-)<\/p>\n\n\n\n<p>Aikavy\u00f6hyke: UTC+1 (kes\u00e4ai\u00adka UTC+2)<\/p>\n\n\n\n<p>Lyhenne: DK, DNK<\/p>\n\n\n\n<figure class=\"wp-block-image size-large is-resized\"><img loading=\"lazy\" decoding=\"async\" width=\"782\" height=\"1024\" src=\"https:\/\/wp3.novida.fi\/brainleak\/wp-content\/uploads\/sites\/22\/2024\/04\/copenhagen-4052654_1280-782x1024.jpg\" alt class=\"wp-image-319\" style=\"width:1140px;height:auto\" srcset=\"https:\/\/wp3.novida.fi\/brainleak\/wp-content\/uploads\/sites\/22\/2024\/04\/copenhagen-4052654_1280-782x1024.jpg 782w, https:\/\/wp3.novida.fi\/brainleak\/wp-content\/uploads\/sites\/22\/2024\/04\/copenhagen-4052654_1280-229x300.jpg 229w, https:\/\/wp3.novida.fi\/brainleak\/wp-content\/uploads\/sites\/22\/2024\/04\/copenhagen-4052654_1280-768x1006.jpg 768w, https:\/\/wp3.novida.fi\/brainleak\/wp-content\/uploads\/sites\/22\/2024\/04\/copenhagen-4052654_1280.jpg 977w\" sizes=\"auto, (max-width: 782px) 100vw, 782px\"><\/figure>\n","protected":false},"excerpt":{"rendered":"<p>Olen kiin\u00adnos\u00adtunut maantiedos\u00adta ja t\u00e4ss\u00e4 artikke\u00adlis\u00ads\u00e4 esit\u00adte\u00adlen fak\u00adto\u00adja jokaises\u00adta Pohjo\u00adis\u00admaas\u00adta. L\u00e4h\u00adteen\u00e4 k\u00e4ytin Wikipedi\u00adaa, Glob\u00adal\u00adista ja Pohjo\u00adis\u00admaid\u00aden yhteisty\u00f6\u00adsivus\u00adtoa. Islanti V\u00e4k\u00adiluku: 377&nbsp;689 (vuon\u00adna 2024) Pin\u00ad\u00adta-ala: 103&nbsp;000 km\u00b2 P\u00e4\u00e4kaupun\u00adki. Reyk\u00adjav\u00edk Val\u00adtiomuo\u00adto: tasaval\u00adta Viralli\u00adnen kieli: islanti Val\u00adu\u00adut\u00adta: Islannin kru\u00adunu Kansal\u00adlisp\u00e4iv\u00e4: 17.7.&nbsp; Val\u00adtion\u00adp\u00e4\u00e4mies: pres\u00adi\u00addent\u00adti Gu\u00f0ni Th. J\u00f3han\u00adnes\u00adson (2016-) Poli\u00adit\u00adti\u00adnen johta\u00adja: p\u00e4\u00e4min\u00adis\u00adteri Katr\u00edn Jakob\u00ads\u00add\u00f3t\u00adtir (2017-) Aikavy\u00f6hyke: UTC+0 (kes\u00e4ai\u00adka ei k\u00e4yt\u00f6ss\u00e4) Lyhenne: [\u2026]<\/p>\n","protected":false},"author":22,"featured_media":317,"comment_status":"open","ping_status":"open","sticky":false,"template":"","format":"standard","meta":{"wp_typography_post_enhancements_disabled":false,"site-container-style":"default","site-container-layout":"default","site-sidebar-layout":"default","disable-article-header":"default","disable-site-header":"default","disable-site-footer":"default","disable-content-area-spacing":"default","_themeisle_gutenberg_block_has_review":false,"footnotes":""},"categories":[15],"tags":[],"class_list":["post-306","post","type-post","status-publish","format-standard","has-post-thumbnail","hentry","category-maantieto"],"yoast_head":"<!-- This site is optimized with the Yoast SEO plugin v26.5 - https:\/\/yoast.com\/wordpress\/plugins\/seo\/ -->\n<title>Esittelyss\u00e4 Pohjoismaat\ud83c\uddee\ud83c\uddf8\ud83c\uddf3\ud83c\uddf4\ud83c\uddf8\ud83c\uddea\ud83c\uddeb\ud83c\uddee\ud83c\udde9\ud83c\uddf0 - Brainleak online<\/title>\n<meta name=\"robots\" content=\"index, follow, max-snippet:-1, max-image-preview:large, max-video-preview:-1\" \/>\n<link rel=\"canonical\" href=\"https:\/\/wp3.novida.fi\/brainleak\/2024\/04\/10\/esittelyssa-pohjoismaat\ud83c\uddee\ud83c\uddf8\ud83c\uddf3\ud83c\uddf4\ud83c\uddf8\ud83c\uddea\ud83c\uddeb\ud83c\uddee\ud83c\udde9\ud83c\uddf0\/\" \/>\n<meta property=\"og:locale\" content=\"en_GB\" \/>\n<meta property=\"og:type\" content=\"article\" \/>\n<meta property=\"og:title\" content=\"Esittelyss\u00e4 Pohjoismaat\ud83c\uddee\ud83c\uddf8\ud83c\uddf3\ud83c\uddf4\ud83c\uddf8\ud83c\uddea\ud83c\uddeb\ud83c\uddee\ud83c\udde9\ud83c\uddf0 - Brainleak online\" \/>\n<meta property=\"og:description\" content=\"Olen kiin\u00adnos\u00adtunut maantiedos\u00adta ja t\u00e4ss\u00e4 artikke\u00adlis\u00ads\u00e4 esit\u00adte\u00adlen fak\u00adto\u00adja jokaises\u00adta Pohjo\u00adis\u00admaas\u00adta. L\u00e4h\u00adteen\u00e4 k\u00e4ytin Wikipedi\u00adaa, Glob\u00adal\u00adista ja Pohjo\u00adis\u00admaid\u00aden yhteisty\u00f6\u00adsivus\u00adtoa. Islanti V\u00e4k\u00adiluku: 377&nbsp;689 (vuon\u00adna 2024) Pin\u00adta-ala: 103&nbsp;000 km\u00b2 P\u00e4\u00e4kaupun\u00adki. Reyk\u00adjav\u00edk Val\u00adtiomuo\u00adto: tasaval\u00adta Viralli\u00adnen kieli: islanti Val\u00adu\u00adut\u00adta: Islannin kru\u00adunu Kansal\u00adlisp\u00e4iv\u00e4: 17.7.&nbsp; Val\u00adtion\u00adp\u00e4\u00e4mies: pres\u00adi\u00addent\u00adti Gu\u00f0ni Th. J\u00f3han\u00adnes\u00adson (2016-) Poli\u00adit\u00adti\u00adnen johta\u00adja: p\u00e4\u00e4min\u00adis\u00adteri Katr\u00edn Jakob\u00ads\u00add\u00f3t\u00adtir (2017-) Aikavy\u00f6hyke: UTC+0 (kes\u00e4ai\u00adka ei k\u00e4yt\u00f6ss\u00e4) Lyhenne: [&hellip;]\" \/>\n<meta property=\"og:url\" content=\"https:\/\/wp3.novida.fi\/brainleak\/2024\/04\/10\/esittelyssa-pohjoismaat\ud83c\uddee\ud83c\uddf8\ud83c\uddf3\ud83c\uddf4\ud83c\uddf8\ud83c\uddea\ud83c\uddeb\ud83c\uddee\ud83c\udde9\ud83c\uddf0\/\" \/>\n<meta property=\"og:site_name\" content=\"Brainleak online\" \/>\n<meta property=\"article:published_time\" content=\"2024-04-10T10:12:48+00:00\" \/>\n<meta property=\"article:modified_time\" content=\"2024-04-11T10:50:14+00:00\" \/>\n<meta property=\"og:image\" content=\"https:\/\/wp3.novida.fi\/brainleak\/wp-content\/uploads\/sites\/22\/2024\/04\/scandinavia-23575_1920.png\" \/>\n\t<meta property=\"og:image:width\" content=\"1530\" \/>\n\t<meta property=\"og:image:height\" content=\"1920\" \/>\n\t<meta property=\"og:image:type\" content=\"image\/png\" \/>\n<meta name=\"author\" content=\"med22al\" \/>\n<meta name=\"twitter:card\" content=\"summary_large_image\" \/>\n<meta name=\"twitter:label1\" content=\"Written by\" \/>\n\t<meta name=\"twitter:data1\" content=\"med22al\" \/>\n\t<meta name=\"twitter:label2\" content=\"Estimated reading time\" \/>\n\t<meta name=\"twitter:data2\" content=\"5 minutes\" \/>\n<script type=\"application\/ld+json\" class=\"yoast-schema-graph\">{\"@context\":\"https:\/\/schema.org\",\"@graph\":[{\"@type\":\"WebPage\",\"@id\":\"https:\/\/wp3.novida.fi\/brainleak\/2024\/04\/10\/esittelyssa-pohjoismaat%f0%9f%87%ae%f0%9f%87%b8%f0%9f%87%b3%f0%9f%87%b4%f0%9f%87%b8%f0%9f%87%aa%f0%9f%87%ab%f0%9f%87%ae%f0%9f%87%a9%f0%9f%87%b0\/\",\"url\":\"https:\/\/wp3.novida.fi\/brainleak\/2024\/04\/10\/esittelyssa-pohjoismaat%f0%9f%87%ae%f0%9f%87%b8%f0%9f%87%b3%f0%9f%87%b4%f0%9f%87%b8%f0%9f%87%aa%f0%9f%87%ab%f0%9f%87%ae%f0%9f%87%a9%f0%9f%87%b0\/\",\"name\":\"Esittelyss\u00e4 Pohjoismaat\ud83c\uddee\ud83c\uddf8\ud83c\uddf3\ud83c\uddf4\ud83c\uddf8\ud83c\uddea\ud83c\uddeb\ud83c\uddee\ud83c\udde9\ud83c\uddf0 - Brainleak online\",\"isPartOf\":{\"@id\":\"https:\/\/wp3.novida.fi\/brainleak\/#website\"},\"primaryImageOfPage\":{\"@id\":\"https:\/\/wp3.novida.fi\/brainleak\/2024\/04\/10\/esittelyssa-pohjoismaat%f0%9f%87%ae%f0%9f%87%b8%f0%9f%87%b3%f0%9f%87%b4%f0%9f%87%b8%f0%9f%87%aa%f0%9f%87%ab%f0%9f%87%ae%f0%9f%87%a9%f0%9f%87%b0\/#primaryimage\"},\"image\":{\"@id\":\"https:\/\/wp3.novida.fi\/brainleak\/2024\/04\/10\/esittelyssa-pohjoismaat%f0%9f%87%ae%f0%9f%87%b8%f0%9f%87%b3%f0%9f%87%b4%f0%9f%87%b8%f0%9f%87%aa%f0%9f%87%ab%f0%9f%87%ae%f0%9f%87%a9%f0%9f%87%b0\/#primaryimage\"},\"thumbnailUrl\":\"https:\/\/wp3.novida.fi\/brainleak\/wp-content\/uploads\/sites\/22\/2024\/04\/scandinavia-23575_1920.png\",\"datePublished\":\"2024-04-10T10:12:48+00:00\",\"dateModified\":\"2024-04-11T10:50:14+00:00\",\"author\":{\"@id\":\"https:\/\/wp3.novida.fi\/brainleak\/#\/schema\/person\/2bddce674211600179504d00dd828100\"},\"breadcrumb\":{\"@id\":\"https:\/\/wp3.novida.fi\/brainleak\/2024\/04\/10\/esittelyssa-pohjoismaat%f0%9f%87%ae%f0%9f%87%b8%f0%9f%87%b3%f0%9f%87%b4%f0%9f%87%b8%f0%9f%87%aa%f0%9f%87%ab%f0%9f%87%ae%f0%9f%87%a9%f0%9f%87%b0\/#breadcrumb\"},\"inLanguage\":\"en-GB\",\"potentialAction\":[{\"@type\":\"ReadAction\",\"target\":[\"https:\/\/wp3.novida.fi\/brainleak\/2024\/04\/10\/esittelyssa-pohjoismaat%f0%9f%87%ae%f0%9f%87%b8%f0%9f%87%b3%f0%9f%87%b4%f0%9f%87%b8%f0%9f%87%aa%f0%9f%87%ab%f0%9f%87%ae%f0%9f%87%a9%f0%9f%87%b0\/\"]}]},{\"@type\":\"ImageObject\",\"inLanguage\":\"en-GB\",\"@id\":\"https:\/\/wp3.novida.fi\/brainleak\/2024\/04\/10\/esittelyssa-pohjoismaat%f0%9f%87%ae%f0%9f%87%b8%f0%9f%87%b3%f0%9f%87%b4%f0%9f%87%b8%f0%9f%87%aa%f0%9f%87%ab%f0%9f%87%ae%f0%9f%87%a9%f0%9f%87%b0\/#primaryimage\",\"url\":\"https:\/\/wp3.novida.fi\/brainleak\/wp-content\/uploads\/sites\/22\/2024\/04\/scandinavia-23575_1920.png\",\"contentUrl\":\"https:\/\/wp3.novida.fi\/brainleak\/wp-content\/uploads\/sites\/22\/2024\/04\/scandinavia-23575_1920.png\",\"width\":1530,\"height\":1920},{\"@type\":\"BreadcrumbList\",\"@id\":\"https:\/\/wp3.novida.fi\/brainleak\/2024\/04\/10\/esittelyssa-pohjoismaat%f0%9f%87%ae%f0%9f%87%b8%f0%9f%87%b3%f0%9f%87%b4%f0%9f%87%b8%f0%9f%87%aa%f0%9f%87%ab%f0%9f%87%ae%f0%9f%87%a9%f0%9f%87%b0\/#breadcrumb\",\"itemListElement\":[{\"@type\":\"ListItem\",\"position\":1,\"name\":\"Home\",\"item\":\"https:\/\/wp3.novida.fi\/brainleak\/\"},{\"@type\":\"ListItem\",\"position\":2,\"name\":\"Esittelyss\u00e4 Pohjoismaat\ud83c\uddee\ud83c\uddf8\ud83c\uddf3\ud83c\uddf4\ud83c\uddf8\ud83c\uddea\ud83c\uddeb\ud83c\uddee\ud83c\udde9\ud83c\uddf0\"}]},{\"@type\":\"WebSite\",\"@id\":\"https:\/\/wp3.novida.fi\/brainleak\/#website\",\"url\":\"https:\/\/wp3.novida.fi\/brainleak\/\",\"name\":\"Brainleak online\",\"description\":\"\",\"potentialAction\":[{\"@type\":\"SearchAction\",\"target\":{\"@type\":\"EntryPoint\",\"urlTemplate\":\"https:\/\/wp3.novida.fi\/brainleak\/?s={search_term_string}\"},\"query-input\":{\"@type\":\"PropertyValueSpecification\",\"valueRequired\":true,\"valueName\":\"search_term_string\"}}],\"inLanguage\":\"en-GB\"},{\"@type\":\"Person\",\"@id\":\"https:\/\/wp3.novida.fi\/brainleak\/#\/schema\/person\/2bddce674211600179504d00dd828100\",\"name\":\"med22al\",\"image\":{\"@type\":\"ImageObject\",\"inLanguage\":\"en-GB\",\"@id\":\"https:\/\/wp3.novida.fi\/brainleak\/#\/schema\/person\/image\/\",\"url\":\"https:\/\/secure.gravatar.com\/avatar\/ceb4fa9eb881d2252eba89b7b0e2e47b4124cd76ccb8553cdc769c7d62b4d813?s=96&d=mm&r=g\",\"contentUrl\":\"https:\/\/secure.gravatar.com\/avatar\/ceb4fa9eb881d2252eba89b7b0e2e47b4124cd76ccb8553cdc769c7d62b4d813?s=96&d=mm&r=g\",\"caption\":\"med22al\"},\"url\":\"https:\/\/wp3.novida.fi\/brainleak\/author\/med22al\/\"}]}<\/script>\n<!-- \/ Yoast SEO plugin. -->","yoast_head_json":{"title":"Esittelyss\u00e4 Pohjoismaat\ud83c\uddee\ud83c\uddf8\ud83c\uddf3\ud83c\uddf4\ud83c\uddf8\ud83c\uddea\ud83c\uddeb\ud83c\uddee\ud83c\udde9\ud83c\uddf0 - Brainleak online","robots":{"index":"index","follow":"follow","max-snippet":"max-snippet:-1","max-image-preview":"max-image-preview:large","max-video-preview":"max-video-preview:-1"},"canonical":"https:\/\/wp3.novida.fi\/brainleak\/2024\/04\/10\/esittelyssa-pohjoismaat\ud83c\uddee\ud83c\uddf8\ud83c\uddf3\ud83c\uddf4\ud83c\uddf8\ud83c\uddea\ud83c\uddeb\ud83c\uddee\ud83c\udde9\ud83c\uddf0\/","og_locale":"en_GB","og_type":"article","og_title":"Esittelyss\u00e4 Pohjoismaat\ud83c\uddee\ud83c\uddf8\ud83c\uddf3\ud83c\uddf4\ud83c\uddf8\ud83c\uddea\ud83c\uddeb\ud83c\uddee\ud83c\udde9\ud83c\uddf0 - Brainleak online","og_description":"Olen kiin\u00adnos\u00adtunut maantiedos\u00adta ja t\u00e4ss\u00e4 artikke\u00adlis\u00ads\u00e4 esit\u00adte\u00adlen fak\u00adto\u00adja jokaises\u00adta Pohjo\u00adis\u00admaas\u00adta. L\u00e4h\u00adteen\u00e4 k\u00e4ytin Wikipedi\u00adaa, Glob\u00adal\u00adista ja Pohjo\u00adis\u00admaid\u00aden yhteisty\u00f6\u00adsivus\u00adtoa. Islanti V\u00e4k\u00adiluku: 377&nbsp;689 (vuon\u00adna 2024) Pin\u00adta-ala: 103&nbsp;000 km\u00b2 P\u00e4\u00e4kaupun\u00adki. Reyk\u00adjav\u00edk Val\u00adtiomuo\u00adto: tasaval\u00adta Viralli\u00adnen kieli: islanti Val\u00adu\u00adut\u00adta: Islannin kru\u00adunu Kansal\u00adlisp\u00e4iv\u00e4: 17.7.&nbsp; Val\u00adtion\u00adp\u00e4\u00e4mies: pres\u00adi\u00addent\u00adti Gu\u00f0ni Th. J\u00f3han\u00adnes\u00adson (2016-) Poli\u00adit\u00adti\u00adnen johta\u00adja: p\u00e4\u00e4min\u00adis\u00adteri Katr\u00edn Jakob\u00ads\u00add\u00f3t\u00adtir (2017-) Aikavy\u00f6hyke: UTC+0 (kes\u00e4ai\u00adka ei k\u00e4yt\u00f6ss\u00e4) Lyhenne: [&hellip;]","og_url":"https:\/\/wp3.novida.fi\/brainleak\/2024\/04\/10\/esittelyssa-pohjoismaat\ud83c\uddee\ud83c\uddf8\ud83c\uddf3\ud83c\uddf4\ud83c\uddf8\ud83c\uddea\ud83c\uddeb\ud83c\uddee\ud83c\udde9\ud83c\uddf0\/","og_site_name":"Brainleak online","article_published_time":"2024-04-10T10:12:48+00:00","article_modified_time":"2024-04-11T10:50:14+00:00","og_image":[{"width":1530,"height":1920,"url":"https:\/\/wp3.novida.fi\/brainleak\/wp-content\/uploads\/sites\/22\/2024\/04\/scandinavia-23575_1920.png","type":"image\/png"}],"author":"med22al","twitter_card":"summary_large_image","twitter_misc":{"Written by":"med22al","Estimated reading time":"5 minutes"},"schema":{"@context":"https:\/\/schema.org","@graph":[{"@type":"WebPage","@id":"https:\/\/wp3.novida.fi\/brainleak\/2024\/04\/10\/esittelyssa-pohjoismaat%f0%9f%87%ae%f0%9f%87%b8%f0%9f%87%b3%f0%9f%87%b4%f0%9f%87%b8%f0%9f%87%aa%f0%9f%87%ab%f0%9f%87%ae%f0%9f%87%a9%f0%9f%87%b0\/","url":"https:\/\/wp3.novida.fi\/brainleak\/2024\/04\/10\/esittelyssa-pohjoismaat%f0%9f%87%ae%f0%9f%87%b8%f0%9f%87%b3%f0%9f%87%b4%f0%9f%87%b8%f0%9f%87%aa%f0%9f%87%ab%f0%9f%87%ae%f0%9f%87%a9%f0%9f%87%b0\/","name":"Esittelyss\u00e4 Pohjoismaat\ud83c\uddee\ud83c\uddf8\ud83c\uddf3\ud83c\uddf4\ud83c\uddf8\ud83c\uddea\ud83c\uddeb\ud83c\uddee\ud83c\udde9\ud83c\uddf0 - Brainleak online","isPartOf":{"@id":"https:\/\/wp3.novida.fi\/brainleak\/#website"},"primaryImageOfPage":{"@id":"https:\/\/wp3.novida.fi\/brainleak\/2024\/04\/10\/esittelyssa-pohjoismaat%f0%9f%87%ae%f0%9f%87%b8%f0%9f%87%b3%f0%9f%87%b4%f0%9f%87%b8%f0%9f%87%aa%f0%9f%87%ab%f0%9f%87%ae%f0%9f%87%a9%f0%9f%87%b0\/#primaryimage"},"image":{"@id":"https:\/\/wp3.novida.fi\/brainleak\/2024\/04\/10\/esittelyssa-pohjoismaat%f0%9f%87%ae%f0%9f%87%b8%f0%9f%87%b3%f0%9f%87%b4%f0%9f%87%b8%f0%9f%87%aa%f0%9f%87%ab%f0%9f%87%ae%f0%9f%87%a9%f0%9f%87%b0\/#primaryimage"},"thumbnailUrl":"https:\/\/wp3.novida.fi\/brainleak\/wp-content\/uploads\/sites\/22\/2024\/04\/scandinavia-23575_1920.png","datePublished":"2024-04-10T10:12:48+00:00","dateModified":"2024-04-11T10:50:14+00:00","author":{"@id":"https:\/\/wp3.novida.fi\/brainleak\/#\/schema\/person\/2bddce674211600179504d00dd828100"},"breadcrumb":{"@id":"https:\/\/wp3.novida.fi\/brainleak\/2024\/04\/10\/esittelyssa-pohjoismaat%f0%9f%87%ae%f0%9f%87%b8%f0%9f%87%b3%f0%9f%87%b4%f0%9f%87%b8%f0%9f%87%aa%f0%9f%87%ab%f0%9f%87%ae%f0%9f%87%a9%f0%9f%87%b0\/#breadcrumb"},"inLanguage":"en-GB","potentialAction":[{"@type":"ReadAction","target":["https:\/\/wp3.novida.fi\/brainleak\/2024\/04\/10\/esittelyssa-pohjoismaat%f0%9f%87%ae%f0%9f%87%b8%f0%9f%87%b3%f0%9f%87%b4%f0%9f%87%b8%f0%9f%87%aa%f0%9f%87%ab%f0%9f%87%ae%f0%9f%87%a9%f0%9f%87%b0\/"]}]},{"@type":"ImageObject","inLanguage":"en-GB","@id":"https:\/\/wp3.novida.fi\/brainleak\/2024\/04\/10\/esittelyssa-pohjoismaat%f0%9f%87%ae%f0%9f%87%b8%f0%9f%87%b3%f0%9f%87%b4%f0%9f%87%b8%f0%9f%87%aa%f0%9f%87%ab%f0%9f%87%ae%f0%9f%87%a9%f0%9f%87%b0\/#primaryimage","url":"https:\/\/wp3.novida.fi\/brainleak\/wp-content\/uploads\/sites\/22\/2024\/04\/scandinavia-23575_1920.png","contentUrl":"https:\/\/wp3.novida.fi\/brainleak\/wp-content\/uploads\/sites\/22\/2024\/04\/scandinavia-23575_1920.png","width":1530,"height":1920},{"@type":"BreadcrumbList","@id":"https:\/\/wp3.novida.fi\/brainleak\/2024\/04\/10\/esittelyssa-pohjoismaat%f0%9f%87%ae%f0%9f%87%b8%f0%9f%87%b3%f0%9f%87%b4%f0%9f%87%b8%f0%9f%87%aa%f0%9f%87%ab%f0%9f%87%ae%f0%9f%87%a9%f0%9f%87%b0\/#breadcrumb","itemListElement":[{"@type":"ListItem","position":1,"name":"Home","item":"https:\/\/wp3.novida.fi\/brainleak\/"},{"@type":"ListItem","position":2,"name":"Esittelyss\u00e4 Pohjoismaat\ud83c\uddee\ud83c\uddf8\ud83c\uddf3\ud83c\uddf4\ud83c\uddf8\ud83c\uddea\ud83c\uddeb\ud83c\uddee\ud83c\udde9\ud83c\uddf0"}]},{"@type":"WebSite","@id":"https:\/\/wp3.novida.fi\/brainleak\/#website","url":"https:\/\/wp3.novida.fi\/brainleak\/","name":"Brainleak online","description":"","potentialAction":[{"@type":"SearchAction","target":{"@type":"EntryPoint","urlTemplate":"https:\/\/wp3.novida.fi\/brainleak\/?s={search_term_string}"},"query-input":{"@type":"PropertyValueSpecification","valueRequired":true,"valueName":"search_term_string"}}],"inLanguage":"en-GB"},{"@type":"Person","@id":"https:\/\/wp3.novida.fi\/brainleak\/#\/schema\/person\/2bddce674211600179504d00dd828100","name":"med22al","image":{"@type":"ImageObject","inLanguage":"en-GB","@id":"https:\/\/wp3.novida.fi\/brainleak\/#\/schema\/person\/image\/","url":"https:\/\/secure.gravatar.com\/avatar\/ceb4fa9eb881d2252eba89b7b0e2e47b4124cd76ccb8553cdc769c7d62b4d813?s=96&d=mm&r=g","contentUrl":"https:\/\/secure.gravatar.com\/avatar\/ceb4fa9eb881d2252eba89b7b0e2e47b4124cd76ccb8553cdc769c7d62b4d813?s=96&d=mm&r=g","caption":"med22al"},"url":"https:\/\/wp3.novida.fi\/brainleak\/author\/med22al\/"}]}},"_links":{"self":[{"href":"https:\/\/wp3.novida.fi\/brainleak\/wp-json\/wp\/v2\/posts\/306","targetHints":{"allow":["GET"]}}],"collection":[{"href":"https:\/\/wp3.novida.fi\/brainleak\/wp-json\/wp\/v2\/posts"}],"about":[{"href":"https:\/\/wp3.novida.fi\/brainleak\/wp-json\/wp\/v2\/types\/post"}],"author":[{"embeddable":true,"href":"https:\/\/wp3.novida.fi\/brainleak\/wp-json\/wp\/v2\/users\/22"}],"replies":[{"embeddable":true,"href":"https:\/\/wp3.novida.fi\/brainleak\/wp-json\/wp\/v2\/comments?post=306"}],"version-history":[{"count":8,"href":"https:\/\/wp3.novida.fi\/brainleak\/wp-json\/wp\/v2\/posts\/306\/revisions"}],"predecessor-version":[{"id":382,"href":"https:\/\/wp3.novida.fi\/brainleak\/wp-json\/wp\/v2\/posts\/306\/revisions\/382"}],"wp:featuredmedia":[{"embeddable":true,"href":"https:\/\/wp3.novida.fi\/brainleak\/wp-json\/wp\/v2\/media\/317"}],"wp:attachment":[{"href":"https:\/\/wp3.novida.fi\/brainleak\/wp-json\/wp\/v2\/media?parent=306"}],"wp:term":[{"taxonomy":"category","embeddable":true,"href":"https:\/\/wp3.novida.fi\/brainleak\/wp-json\/wp\/v2\/categories?post=306"},{"taxonomy":"post_tag","embeddable":true,"href":"https:\/\/wp3.novida.fi\/brainleak\/wp-json\/wp\/v2\/tags?post=306"}],"curies":[{"name":"wp","href":"https:\/\/api.w.org\/{rel}","templated":true}]}}